{"id":6116,"date":"2024-09-10T08:03:00","date_gmt":"2024-09-10T08:03:00","guid":{"rendered":"https:\/\/blog.trazler.com\/?p=6116"},"modified":"2024-09-08T10:12:08","modified_gmt":"2024-09-08T10:12:08","slug":"guide-voyage-15-jours-colombie","status":"publish","type":"post","link":"https:\/\/blog.trazler.com\/fr\/2024\/09\/10\/guide-voyage-15-jours-colombie\/","title":{"rendered":"Visiter la Colombie en 15\u00a0jours : le guide complet pour un voyage id\u00e9al"},"content":{"rendered":"\n<p><em>L\u2019Am\u00e9rique latine est vaste, et la <\/em><strong><em>Colombie<\/em><\/strong><em>, qui tire d\u2019ailleurs son nom de l\u2019explorateur espagnol Christophe Colomb (une belle anecdote pour votre prochain ap\u00e9ro, n\u2019est-ce pas&nbsp;?), arriv\u00e9 sur les c\u00f4tes du Nouveau Monde en 1492, en est l\u2019un de ses <\/em><strong><em>nombreux joyaux<\/em><\/strong><em>.&nbsp;<\/em><\/p>\n\n\n\n<p><em>La <\/em><strong><em>Colombie a beaucoup \u00e0 offrir.<\/em><\/strong><em> Vous pourrez profiter des paysages magnifiques comptant plages \u00e0 la fois pacifiques et carib\u00e9ennes, dense for\u00eat amazonienne et hauts plateaux andins, ainsi que d\u2019une riche culture, m\u00e9lange d\u2019histoire coloniale et de modernit\u00e9.&nbsp;<\/em><\/p>\n\n\n\n<p><em>Vous aurez de quoi faire durant votre s\u00e9jour&nbsp;! Pour ne pas avoir la t\u00eate qui tourne devant tant d\u2019options, Trazler vous propose un <\/em><strong><em>guide complet pour un voyage de 15&nbsp;jours en Colombie<\/em><\/strong><em> rempli de magie \u00e0 la pais\u00e1 (terme socioculturel affectueux qu\u2019utilisent les Colombiens pour s\u2019autod\u00e9finir). Bienvenidos a Colombia (bienvenue en Colombie)&nbsp;!<\/em><\/p>\n\n\n\n<figure class=\"wp-block-image size-large\"><img loading=\"lazy\" decoding=\"async\" width=\"896\" height=\"1024\" src=\"http:\/\/blog.trazler.com\/wp-content\/uploads\/2024\/08\/ricardo-gomez-angel-GcHar4P8V_Q-unsplash-1-896x1024.jpg\" alt=\"Trazler vous emm\u00e8ne en Colombie pour un s\u00e9jour inoubliable \" class=\"wp-image-6119\" srcset=\"https:\/\/blog.trazler.com\/wp-content\/uploads\/2024\/08\/ricardo-gomez-angel-GcHar4P8V_Q-unsplash-1-896x1024.jpg 896w, https:\/\/blog.trazler.com\/wp-content\/uploads\/2024\/08\/ricardo-gomez-angel-GcHar4P8V_Q-unsplash-1-263x300.jpg 263w, https:\/\/blog.trazler.com\/wp-content\/uploads\/2024\/08\/ricardo-gomez-angel-GcHar4P8V_Q-unsplash-1-768x877.jpg 768w, https:\/\/blog.trazler.com\/wp-content\/uploads\/2024\/08\/ricardo-gomez-angel-GcHar4P8V_Q-unsplash-1-1345x1536.jpg 1345w, https:\/\/blog.trazler.com\/wp-content\/uploads\/2024\/08\/ricardo-gomez-angel-GcHar4P8V_Q-unsplash-1-1793x2048.jpg 1793w, https:\/\/blog.trazler.com\/wp-content\/uploads\/2024\/08\/ricardo-gomez-angel-GcHar4P8V_Q-unsplash-1-380x434.jpg 380w, https:\/\/blog.trazler.com\/wp-content\/uploads\/2024\/08\/ricardo-gomez-angel-GcHar4P8V_Q-unsplash-1-800x914.jpg 800w, https:\/\/blog.trazler.com\/wp-content\/uploads\/2024\/08\/ricardo-gomez-angel-GcHar4P8V_Q-unsplash-1-1160x1325.jpg 1160w, https:\/\/blog.trazler.com\/wp-content\/uploads\/2024\/08\/ricardo-gomez-angel-GcHar4P8V_Q-unsplash-1-scaled.jpg 2241w\" sizes=\"auto, (max-width: 896px) 100vw, 896px\" \/><figcaption class=\"wp-element-caption\">Trazler vous emm\u00e8ne en Colombie pour un s\u00e9jour inoubliable <\/figcaption><\/figure>\n\n\n\n<p><\/p>\n\n\n\n<h2 id=\"preparer-votre-voyage-en-colombie\" class=\"wp-block-heading\">Pr\u00e9parer votre voyage en Colombie&nbsp;<\/h2>\n\n\n\n<h3 id=\"petit-cours-dhistoire-geo-avant-le-depart\" class=\"wp-block-heading\">Petit cours d\u2019histoire-g\u00e9o avant le d\u00e9part&nbsp;<\/h3>\n\n\n\n<p>En pr\u00e9vision de votre voyage en Colombie, nous vous proposons un r\u00e9sum\u00e9 succinct des <strong>\u00e9l\u00e9ments cl\u00e9s \u00e0 avoir en t\u00eate sur l\u2019histoire et la culture<\/strong> du pays. Avant l&rsquo;arriv\u00e9e des Espagnols, la Colombie \u00e9tait habit\u00e9e par diverses civilisations autochtones, dont les <strong>Muiscas<\/strong> dans la r\u00e9gion andine.<\/p>\n\n\n\n<p>Les Espagnols arrivent en Colombie en 1499, faisant du pays une vice-royaut\u00e9, avec Bogot\u00e1 comme centre administratif. L&rsquo;ind\u00e9pendance est obtenue en 1819, et le statut de r\u00e9publique en 1831. Au 20e&nbsp;si\u00e8cle, le pays traverse plusieurs d\u00e9cennies de violence politique, avec le conflit arm\u00e9 entre le gouvernement, les gu\u00e9rillas (FARC, ELN) et les paramilitaires. La fin du conflit avec les FARC en 2016 marque un <strong>tournant historique vers la paix<\/strong>.<\/p>\n\n\n\n<p>Aujourd\u2019hui, la Colombie est un pays caract\u00e9ris\u00e9 par sa <strong>population tr\u00e8s diverse<\/strong>, avec des influences europ\u00e9ennes, africaines et autochtones. Les communaut\u00e9s afro-colombiennes sont pr\u00e9sentes principalement sur les c\u00f4tes cara\u00efbe et pacifique, et les populations indig\u00e8nes dans les r\u00e9gions andines, amazoniennes et de l&rsquo;Or\u00e9noque.<\/p>\n\n\n\n<p>L&rsquo;<strong>espagnol est la langue officielle<\/strong> du pays, qui compte plus de 60&nbsp;langues indig\u00e8nes. Le<strong> catholicisme<\/strong> est la religion dominante, second\u00e9e par une grande diversit\u00e9 de croyances. Les Colombiens sont connus pour leur hospitalit\u00e9, tr\u00e8s appr\u00e9ci\u00e9e des visiteurs.<\/p>\n\n\n\n<h3 id=\"les-incontournables-de-la-culture-colombienne\" class=\"wp-block-heading\">Les incontournables de la culture colombienne&nbsp;<\/h3>\n\n\n\n<p>Tout d\u2019abord, la musique : impossible de vous rendre en Am\u00e9rique latine et de repartir sans avoir dans\u00e9 jusqu&rsquo;\u00e0 plus soif&nbsp;! Plusieurs genres r\u00e8gnent sur la <strong>sc\u00e8ne musicale en Colombie<\/strong> :&nbsp;<\/p>\n\n\n\n<ul class=\"wp-block-list\">\n<li>La <strong>cumbia<\/strong> : originaire de la c\u00f4te cara\u00efbe, c\u2019est l&rsquo;un des genres musicaux les plus embl\u00e9matiques du pays, m\u00e9langeant des rythmes indig\u00e8nes, africains et espagnols.<\/li>\n\n\n\n<li>Le <strong>vallenato<\/strong> : ce style musical \u00e9galement carib\u00e9en est jou\u00e9 avec des instruments comme l&rsquo;accord\u00e9on, la guacharaca et la caja. Il raconte souvent des histoires d&rsquo;amour.<\/li>\n\n\n\n<li>La <strong>salsa<\/strong> : bien qu\u2019originaire de Cuba et de Porto Rico, ce rythme est extr\u00eamement populaire en Colombie (et dans toute l\u2019Am\u00e9rique latine), notamment \u00e0 Cali, surnomm\u00e9e la \u00ab&nbsp;capitale mondiale de la salsa&nbsp;\u00bb.<\/li>\n\n\n\n<li>La <strong>m\u00fasica llanera<\/strong> : cette musique est traditionnelle des plaines orientales, influenc\u00e9e par la culture des cowboys (llaneros) de cette r\u00e9gion.<\/li>\n<\/ul>\n\n\n\n<p>Ensuite, <strong>la gastronomie <\/strong>: pr\u00e9parez-vous \u00e0 vous remplir joyeusement la panse. Ne manquez pas de tester :&nbsp;<\/p>\n\n\n\n<ul class=\"wp-block-list\">\n<li>Les <strong>arepas<\/strong>, petits pains plats \u00e0 base de ma\u00efs g\u00e9n\u00e9reusement garnis avec du fromage, de la viande ou des \u0153ufs.<\/li>\n\n\n\n<li>La <strong>bandeja paisa<\/strong>, plat embl\u00e9matique de la r\u00e9gion d&rsquo;Antioquia, compos\u00e9 de riz, haricots, viande (g\u00e9n\u00e9ralement du b\u0153uf ou du porc), chorizo, \u0153uf frit, avocat, banane plantain et arepa.&nbsp;<\/li>\n\n\n\n<li><strong>L\u2019ajiaco<\/strong>, une soupe traditionnelle de Bogot\u00e1 \u00e0 base de poulet, pommes de terre, ma\u00efs et guasca, une herbe locale.<\/li>\n\n\n\n<li>Les <strong>empanadas<\/strong>, petites p\u00e2tisseries fourr\u00e9es \u00e0 la viande, pommes de terre ou fromage, populaires dans tout le pays.<\/li>\n\n\n\n<li>Les <strong>bu\u00f1uelos<\/strong>, beignets au fromage frits, vendus chaud sur les stands de street food.&nbsp;<\/li>\n\n\n\n<li>Enfin, <strong>le caf\u00e9<\/strong> : la Colombie est l&rsquo;un des plus grands producteurs de caf\u00e9 au monde, reconnu pour sa qualit\u00e9 exceptionnelle, qui en devient une fiert\u00e9 nationale.<\/li>\n<\/ul>\n\n\n\n<p>En somme, la <strong>Colombie est un pays riche<\/strong> en histoire, avec une culture vivante, dansante et diversifi\u00e9e, une gastronomie savoureuse et une population accueillante et h\u00e9t\u00e9rog\u00e8ne. Tous les ingr\u00e9dients sont r\u00e9unis pour des vacances inoubliables&nbsp;!&nbsp;<\/p>\n\n\n\n<h3 id=\"choisissez-votre-itineraire-et-vos-hebergements-selon-vos-envies\" class=\"wp-block-heading\">Choisissez votre itin\u00e9raire et vos h\u00e9bergements selon vos envies<\/h3>\n\n\n\n<p>Pour d\u00e9terminer votre itin\u00e9raire et choisir vos h\u00e9bergements en Colombie, il est n\u00e9cessaire de <strong>r\u00e9fl\u00e9chir en fonction de vos int\u00e9r\u00eats<\/strong>, de la dur\u00e9e de votre s\u00e9jour, et de votre budget.&nbsp;<\/p>\n\n\n\n<p>Tout d\u2019abord, d\u00e9finissez vos <strong>int\u00e9r\u00eats et priorit\u00e9s<\/strong>. Si vous \u00eates passionn\u00e9 par la nature, envisagez de visiter les parcs nationaux (Tayrona, Los Nevados, l&rsquo;Amazonie). Pour l&rsquo;aventure, pensez aux sports extr\u00eames \u00e0 San Gil, ou l\u2019Eje Cafetero pour la randonn\u00e9e.<\/p>\n\n\n\n<p>Si <strong>l&rsquo;histoire et la culture vous attirent<\/strong>, explorez les villes comme Bogot\u00e1 (Mus\u00e9e de l&rsquo;Or, Candelaria), Cartagena (vieille ville coloniale), Medell\u00edn et Popay\u00e1n, et des sites arch\u00e9ologiques (San Agust\u00edn, Tierradentro). Pour des vacances d\u00e9tente, les plages de la c\u00f4te cara\u00efbe (Cartagena, Santa Marta, Palomino) ou les \u00eeles paradisiaques (San Andr\u00e9s, Providencia) sont id\u00e9ales.<\/p>\n\n\n\n<p>Par la suite, <strong>choisissez vos h\u00e9bergements<\/strong> selon votre budget et le niveau de confort souhait\u00e9. La Colombie offre pl\u00e9thore d&rsquo;options, entre h\u00f4tels de luxe et \u00e9colodges, auberges et locations Airbnb. Pensez \u00e0 vous loger pr\u00e8s des sites que vous souhaitez visiter, en gardant en t\u00eate l\u2019aspect s\u00e9curit\u00e9.&nbsp;<\/p>\n\n\n\n<h2 id=\"choisir-la-meilleure-periode-pour-explorer-la-colombie\" class=\"wp-block-heading\">Choisir la meilleure p\u00e9riode pour explorer la Colombie&nbsp;<\/h2>\n\n\n\n<h3 id=\"partir-selon-les-saisons\" class=\"wp-block-heading\">Partir selon les saisons<\/h3>\n\n\n\n<p>La Colombie, situ\u00e9e pr\u00e8s de l&rsquo;\u00e9quateur, a un <strong>climat tropical <\/strong>avec des variations dues \u00e0 l&rsquo;altitude. La <strong>saison s\u00e8che<\/strong> (d\u00e9cembre-mars et juillet-ao\u00fbt) reste la meilleure p\u00e9riode pour explorer la Colombie. C\u2019est le moment id\u00e9al pour les randonn\u00e9es en parcs nationaux et les activit\u00e9s de plein air, et pour profiter des plages et activit\u00e9s nautiques.&nbsp;<\/p>\n\n\n\n<p>Durant la <strong>saison des pluies<\/strong> (avril-mai et octobre-novembre), certaines r\u00e9gions, surtout celles de basse altitude, peuvent \u00eatre sujettes \u00e0 des pluies intenses. Les randonn\u00e9es et excursions peuvent \u00eatre plus difficiles \u00e0 planifier. L\u2019Amazonie et le Pacifique sont particuli\u00e8rement humides, ce qui est id\u00e9al pour observer la faune amazonienne et les baleines sur la c\u00f4te pacifique.<\/p>\n\n\n\n<h3 id=\"explorer-la-colombie-selon-le-calendrier-des-fetes-annuelles\" class=\"wp-block-heading\">Explorer la Colombie selon le calendrier des f\u00eates annuelles<\/h3>\n\n\n\n<p>Si vous \u00eates particuli\u00e8rement attir\u00e9 par la culture colombienne, vous pouvez planifier votre voyage selon les f\u00eates et \u00e9v\u00e9nements annuels. Par exemple, le c<strong>arnaval de Barranquilla<\/strong>, qui a lieu en f\u00e9vrier-mars, est l&rsquo;un des plus grands et des plus c\u00e9l\u00e8bres d&rsquo;Am\u00e9rique du Sud.&nbsp;<\/p>\n\n\n\n<p>La <strong>Semana Santa (P\u00e2ques) <\/strong>est c\u00e9l\u00e9br\u00e9e dans tout le pays avec des processions religieuses. C&rsquo;est une p\u00e9riode tr\u00e8s fr\u00e9quent\u00e9e, notamment dans les villes coloniales comme Popay\u00e1n.&nbsp;<\/p>\n\n\n\n<h3 id=\"sevader-en-saison-creuse\" class=\"wp-block-heading\">S\u2019\u00e9vader en saison creuse&nbsp;<\/h3>\n\n\n\n<p>La <strong>saison creuse en Colombie<\/strong> se situe g\u00e9n\u00e9ralement en avril et mai, puis de septembre \u00e0 novembre. Elle correspond \u00e0 la saison des pluies, ce qui r\u00e9duit consid\u00e9rablement la fr\u00e9quentation touristique.<\/p>\n\n\n\n<p>Si vous souhaitez partir en saison creuse, vous pourrez profiter de l&rsquo;observation de la faune et de la flore. Pour un climat temp\u00e9r\u00e9, vous pouvez <strong>passer du temps \u00e0 Medell\u00edn <\/strong>ou sur les c\u00f4tes carib\u00e9ennes.&nbsp;<\/p>\n\n\n\n<h2 id=\"conseils-pratiques-pour-un-voyage-reussi-en-colombie\" class=\"wp-block-heading\">Conseils pratiques pour un voyage r\u00e9ussi en Colombie<\/h2>\n\n\n\n<h3 id=\"empaquetez-votre-balluchon-en-etant-prevoyant\" class=\"wp-block-heading\">Empaquetez votre balluchon en \u00e9tant pr\u00e9voyant<\/h3>\n\n\n\n<p>En faisant vos bagages pour un <strong>voyage de 15&nbsp;jours en Colombie<\/strong>, prenez en compte la <strong>diversit\u00e9 des climats et des activit\u00e9s<\/strong> possibles dans le pays. Pensez aux v\u00eatements l\u00e9gers, mais couvrants, pour \u00e9viter les coups de soleil et moustiques, aux tenues de sport pour les sorties de plein air, \u00e0 un pull et imperm\u00e9able pour les soir\u00e9es fra\u00eeches et pluvieuses, et \u00e0 vos affaires de plage&nbsp;! Prenez des chaussures de ville et de marche.<\/p>\n\n\n\n<p>N\u2019oubliez pas la casquette, les lunettes de soleil et l\u2019\u00e9cran solaire, ainsi que l\u2019antimoustique, un sac \u00e9tanche en cas de pluie, une banane pour vos<strong> effets personnels importants<\/strong>, et vos m\u00e9dicaments en cas de besoin. Pensez \u00e0 vos chargeurs, \u00e0 prendre une gourde et \u00e0 glisser votre guide de voyage dans une poche de votre sac&nbsp;!<\/p>\n\n\n\n<p>Enfin, <strong>prenez vos pr\u00e9cautions<\/strong> : renseignez-vous sur les exigences de visa, sur les vaccins recommand\u00e9s selon les zones que vous allez visiter et sur les lieux \u00e0 \u00e9viter. Ayez toujours sur vous des pesos colombiens (COP).&nbsp;<\/p>\n\n\n\n<p>Et n\u2019oubliez pas d\u2019en profiter : c\u2019est la cl\u00e9 d\u2019un s\u00e9jour r\u00e9ussi&nbsp;!&nbsp;&nbsp;<\/p>\n\n\n\n<h3 id=\"renseignez-vous-sur-les-transports-et-hebergements\" class=\"wp-block-heading\">Renseignez-vous sur les transports et h\u00e9bergements<\/h3>\n\n\n\n<p>Pour voyager et vous loger en Colombie, vous avez acc\u00e8s \u00e0 une <strong>large gamme d\u2019options<\/strong>, adapt\u00e9es \u00e0 diff\u00e9rents types de voyageurs et budgets.&nbsp;<\/p>\n\n\n\n<p>Pour le <strong>transport<\/strong>, les principales villes colombiennes sont bien desservies par des<strong> vols domestiques<\/strong>, \u00e9conomiques et rapides, avec Avianca, LATAM ou Viva Air. <strong>Les bus<\/strong>, tr\u00e8s utilis\u00e9s, offrent les options premium, standard et minibus selon les trajets, avec les compagnies Expreso Brasilia, Bolivariano et Coomotor. En ville, vous pouvez prendre des taxis ou utiliser les r\u00e9seaux de transports en commun.&nbsp;<\/p>\n\n\n\n<p>Concernant les <strong>h\u00e9bergements<\/strong>, la Colombie propose de nombreuses options. Il y en a pour tous les go\u00fbts et tous les portefeuilles :<\/p>\n\n\n\n<ul class=\"wp-block-list\">\n<li>Les <strong>h\u00f4tels<\/strong> : de luxe, milieu de gamme avec un bon rapport qualit\u00e9-prix, et \u00e9conomiques, plus simples et souvent g\u00e9r\u00e9s par des familles.<\/li>\n\n\n\n<li>Les <strong>auberges de jeunesse<\/strong> (ou hostels) : parfaites pour les voyageurs avec un budget limit\u00e9, proposant dortoirs partag\u00e9s ou chambres priv\u00e9es, souvent avec un design original, une ambiance conviviale et des activit\u00e9s diverses.<\/li>\n\n\n\n<li>Les <strong>maisons d\u2019h\u00f4tes <\/strong>(ou posadas) : g\u00e9r\u00e9es par des familles, elles offrent une exp\u00e9rience plus authentique, et sont id\u00e9ales pour une immersion culturelle, permettant de partager des repas traditionnels avec les h\u00f4tes et de recevoir des conseils sur les activit\u00e9s locales.<\/li>\n\n\n\n<li>Les <strong>\u00e9colodges<\/strong> : id\u00e9aux pour les amoureux de la nature, ils sont situ\u00e9s dans des environnements naturels (jungle amazonienne, parcs nationaux\u2026). Entre confort et respect de l&rsquo;environnement, ils proposent des sorties rando ou observation des oiseaux.<\/li>\n\n\n\n<li>Les <strong>Airbnb<\/strong> et autres plateformes de location : elles offrent des options vari\u00e9es pour plus d\u2019intimit\u00e9 et de flexibilit\u00e9, des appartements modernes aux maisons coloniales.&nbsp;<\/li>\n\n\n\n<li>Les <strong>fincas<\/strong> : situ\u00e9es dans la r\u00e9gion du caf\u00e9, ces fermes proposent des s\u00e9jours dans des exploitations agricoles, offrant une exp\u00e9rience unique de la vie colombienne.<\/li>\n<\/ul>\n\n\n\n<h3 id=\"quel-budget-prevoir-pour-15-jours-en-colombie\" class=\"wp-block-heading\">Quel budget pr\u00e9voir pour 15&nbsp;jours en Colombie&nbsp;?&nbsp;<\/h3>\n\n\n\n<p>Le budget pour un voyage de 15&nbsp;jours en Colombie peut <strong>varier selon plusieurs facteurs<\/strong>, dont l&rsquo;h\u00e9bergement, les activit\u00e9s et les pr\u00e9f\u00e9rences en mati\u00e8re de nourriture et de transport :<\/p>\n\n\n\n<ul class=\"wp-block-list\">\n<li>Pour le <strong>vol vers la Colombie<\/strong>, mettez de c\u00f4t\u00e9 entre 400 et 1000&nbsp;euros par personne selon votre ville de d\u00e9part.&nbsp;<\/li>\n\n\n\n<li>Pour <strong>l\u2019h\u00e9bergement<\/strong>, comptez entre 15 et 40&nbsp;euros par nuit pour des auberges de jeunesse ou des h\u00f4tels \u00e9conomiques, environ 100&nbsp;euros pour des h\u00f4tels milieu de gamme, et davantage pour des h\u00f4tels de luxe.<\/li>\n\n\n\n<li>Pour le <strong>transport<\/strong>, pr\u00e9voyez entre 30 et 100&nbsp;euros par vol domestique, entre 10 et 30&nbsp;euros par trajet de bus longue distance, et entre 1 et 5&nbsp;euros par course de taxi en ville.<\/li>\n\n\n\n<li>Pour la <strong>nourriture<\/strong>, comptez entre 3 et 7&nbsp;euros pour un repas dans un restaurant local ou de la street food, entre 10 et 20&nbsp;euros dans un restaurant classique, et plus pour un restaurant de luxe.<\/li>\n\n\n\n<li>Pour vos <strong>activit\u00e9s<\/strong>, comptez entre 10 et 50&nbsp;euros pour les visites guid\u00e9es\/excursions, entre 2 et 10&nbsp;euros pour les entr\u00e9es de parcs et mus\u00e9es, et une enveloppe suppl\u00e9mentaire si vous pr\u00e9voyez d\u2019autres types d\u2019activit\u00e9s.<\/li>\n\n\n\n<li>Prenez une <strong>assurance<\/strong> voyage, entre 50 et 100&nbsp;euros pour 15&nbsp;jours.<\/li>\n\n\n\n<li>Enfin, pr\u00e9voyez une petite <strong>marge<\/strong> pour les d\u00e9penses impr\u00e9vues et les achats de souvenirs.&nbsp;<\/li>\n<\/ul>\n\n\n\n<figure class=\"wp-block-image size-large\"><img loading=\"lazy\" decoding=\"async\" width=\"1024\" height=\"576\" src=\"http:\/\/blog.trazler.com\/wp-content\/uploads\/2024\/08\/fernanda-fierro-XV4XUU7gWlk-unsplash-1-1024x576.jpg\" alt=\"D\u00e9couvrez les tr\u00e9sors de la Colombie avec Trazler \" class=\"wp-image-6117\" srcset=\"https:\/\/blog.trazler.com\/wp-content\/uploads\/2024\/08\/fernanda-fierro-XV4XUU7gWlk-unsplash-1-1024x576.jpg 1024w, https:\/\/blog.trazler.com\/wp-content\/uploads\/2024\/08\/fernanda-fierro-XV4XUU7gWlk-unsplash-1-300x169.jpg 300w, https:\/\/blog.trazler.com\/wp-content\/uploads\/2024\/08\/fernanda-fierro-XV4XUU7gWlk-unsplash-1-768x432.jpg 768w, https:\/\/blog.trazler.com\/wp-content\/uploads\/2024\/08\/fernanda-fierro-XV4XUU7gWlk-unsplash-1-1536x863.jpg 1536w, https:\/\/blog.trazler.com\/wp-content\/uploads\/2024\/08\/fernanda-fierro-XV4XUU7gWlk-unsplash-1-2048x1151.jpg 2048w, https:\/\/blog.trazler.com\/wp-content\/uploads\/2024\/08\/fernanda-fierro-XV4XUU7gWlk-unsplash-1-380x214.jpg 380w, https:\/\/blog.trazler.com\/wp-content\/uploads\/2024\/08\/fernanda-fierro-XV4XUU7gWlk-unsplash-1-800x450.jpg 800w, https:\/\/blog.trazler.com\/wp-content\/uploads\/2024\/08\/fernanda-fierro-XV4XUU7gWlk-unsplash-1-1160x652.jpg 1160w, https:\/\/blog.trazler.com\/wp-content\/uploads\/2024\/08\/fernanda-fierro-XV4XUU7gWlk-unsplash-1-scaled.jpg 2560w\" sizes=\"auto, (max-width: 1024px) 100vw, 1024px\" \/><figcaption class=\"wp-element-caption\">D\u00e9couvrez les tr\u00e9sors de la Colombie avec Trazler <\/figcaption><\/figure>\n\n\n\n<p><\/p>\n\n\n\n<h2 id=\"le-circuit-ideal-pour-decouvrir-la-colombie\" class=\"wp-block-heading\">Le circuit id\u00e9al pour d\u00e9couvrir la Colombie&nbsp;<\/h2>\n\n\n\n<p>Nous arrivons \u00e0 la partie la plus croustillante de notre sujet (tout aussi croustillante qu\u2019un bu\u00f1uelo, si vous avez suivi). Voici la suggestion Trazler pour un<strong> circuit id\u00e9al pour deux semaines en Colombie<\/strong>, pour m\u00e9langer culture, nature et villes embl\u00e9matiques. Buen viaje (bon voyage)&nbsp;!&nbsp;<\/p>\n\n\n\n<h3 id=\"jours-1-2-et-3\" class=\"wp-block-heading\">Jours&nbsp;1, 2 et 3&nbsp;<\/h3>\n\n\n\n<p>Arriv\u00e9e et <strong>exploration de la capitale colombienne, Bogot\u00e1<\/strong>. Perdez-vous dans le quartier historique de La Candelaria, la Plaza Bol\u00edvar, et visitez le Mus\u00e9e de l&rsquo;Or.&nbsp;<\/p>\n\n\n\n<p>Montez au sommet du Mont Monserrate pour une <strong>vue panoramique de la ville<\/strong>, puis explorez le Mus\u00e9e Botero et les rues color\u00e9es du centre. Si le jetlag ne vous affecte pas trop, tentez l\u2019excursion \u00e0 la Cath\u00e9drale de Sel de Zipaquir\u00e1, un site unique situ\u00e9 \u00e0 environ une heure de Bogot\u00e1.<\/p>\n\n\n\n<h3 id=\"jours-4-et-5\" class=\"wp-block-heading\">Jours&nbsp;4 et 5&nbsp;&nbsp;<\/h3>\n\n\n\n<p>Partez vers le nord, pour <strong>Villa de Leyva<\/strong>, un village colonial bien pr\u00e9serv\u00e9 dans le d\u00e9partement de Boyac\u00e1, et promenez-vous sur la Plaza Mayor, une des plus grandes places de Colombie.&nbsp;<\/p>\n\n\n\n<p>Ensuite, explorez les environs : visitez la Casa Terracota, le <strong>d\u00e9sert de La Candelaria<\/strong> et admirez les fossiles du Museo El F\u00f3sil.<\/p>\n\n\n\n<h3 id=\"jours-6-7-et-8\" class=\"wp-block-heading\">Jours&nbsp;6, 7 et 8&nbsp;&nbsp;<\/h3>\n\n\n\n<p>Direction <strong>Medell\u00edn<\/strong>. D\u00e9couvrez la ville et observez sa modernisation en visitant le Parc de los&nbsp;Deseos, le Mus\u00e9e d&rsquo;Antioquia, et la Plaza Botero. Profitez-en pour admirer les galeries et mus\u00e9es, et savourez la street food des quartiers de El Poblado et Laureles.&nbsp;<\/p>\n\n\n\n<p>Prenez le t\u00e9l\u00e9ph\u00e9rique pour aller \u00e0 Parque Arv\u00ed, un grand parc naturel. Visitez Comuna&nbsp;13 pour comprendre <strong>l\u2019histoire de Medell\u00edn<\/strong> et pour admirer les c\u00e9l\u00e8bres graffitis. Tentez l\u2019excursion d&rsquo;une journ\u00e9e \u00e0 Guatap\u00e9 pour voir (et grimper) le rocher El Pe\u00f1ol et vous perdre entre les maisons color\u00e9es du village.<\/p>\n\n\n\n<h3 id=\"jours-9-et-10\" class=\"wp-block-heading\">Jours&nbsp;9 et 10&nbsp;<\/h3>\n\n\n\n<p>Partez pour la <strong>r\u00e9gion du caf\u00e9<\/strong> (Zona Cafetera), en particulier autour des villes de Salento ou Manizales. Visitez une plantation de caf\u00e9 pour en apprendre plus sur le processus de production.&nbsp;<\/p>\n\n\n\n<p>Ensuite, explorez la <strong>magnifique Vall\u00e9e de Cocora<\/strong>, c\u00e9l\u00e8bre pour ses palmiers de cire g\u00e9ants. Tentez la randonn\u00e9e jusqu&rsquo;au parc national Los Nevados.<\/p>\n\n\n\n<h3 id=\"jours-11-12-et-13\" class=\"wp-block-heading\">Jours&nbsp;11, 12 et 13&nbsp;<\/h3>\n\n\n\n<p>Prenez un vol vers <strong>Cartagena de Indias<\/strong>, sur la c\u00f4te carib\u00e9enne. Promenez-vous dans la vieille ville fortifi\u00e9e, avec ses rues pav\u00e9es, ses balcons fleuris et ses b\u00e2timents color\u00e9s.<\/p>\n\n\n\n<p>Visitez le ch\u00e2teau de San Felipe de&nbsp;Barajas et le quartier boh\u00e8me de Getseman\u00ed. Profitez d&rsquo;une soir\u00e9e anim\u00e9e dans les bars et restaurants locaux. Ensuite, <strong>profitez de la mer des Cara\u00efbes <\/strong>avec une excursion aux \u00eeles du Rosaire, pour profiter des plages paradisiaques.<\/p>\n\n\n\n<h3 id=\"jour-14\" class=\"wp-block-heading\">Jour&nbsp;14&nbsp;<\/h3>\n\n\n\n<p>Passez la journ\u00e9e dans le <strong>Parc National Tayrona<\/strong>. Admirez-en la richesse naturelle par une randonn\u00e9e \u00e0 travers la jungle, jusqu&rsquo;aux plages isol\u00e9es comme Cabo San Juan, et profitez du sable blanc et des eaux turquoise.<\/p>\n\n\n\n<h3 id=\"jour-15\" class=\"wp-block-heading\">Jour&nbsp;15&nbsp;<\/h3>\n\n\n\n<p>Retournez \u00e0 <strong>Bogot\u00e1 pour votre vol <\/strong>de d\u00e9part. Profitez-en pour faire du shopping, acheter vos derniers souvenirs, ou d\u00e9couvrir d&rsquo;autres quartiers de la ville et leurs graffitis gr\u00e2ce aux city tours \u00e0 v\u00e9lo ou \u00e0 pied.<\/p>\n\n\n\n<p><em>De toute \u00e9vidence, la <\/em><strong><em>Colombie est une destination de vacances id\u00e9ale <\/em><\/strong><em>pour m\u00e9langer culture, nature, aventure et d\u00e9tente. Vous en reviendrez avec des paillettes plein les yeux et de la salsa plein les oreilles (et sans doute quelques kilom\u00e8tres dans les pattes \u00e9galement)&nbsp;!&nbsp;<\/em><\/p>\n\n\n\n<p><em>Adapt\u00e9e \u00e0 tous les budgets et inspirations de voyage, la Colombie offre un tr\u00e8s bel avant-go\u00fbt de la <\/em><strong><em>richesse culturelle, multiethnique et multicolore<\/em><\/strong><em> de l\u2019Am\u00e9rique latine. Vous n\u2019aurez qu\u2019une envie, c\u2019est d\u2019y retourner pour en explorer davantage.&nbsp;&nbsp;&nbsp;Si vous avez \u00e9t\u00e9 convaincu par notre proposition d\u2019itin\u00e9raire de 15&nbsp;jours, <\/em><strong><em>rendez-nous visite chez <\/em><\/strong><a href=\"https:\/\/trazler.com\/search\"><strong><em>Trazler<\/em><\/strong><\/a><em> : notre plateforme en ligne vous permet de booker votre voyage facilement, avec tout (billets, h\u00e9bergements, transports) au m\u00eame endroit et au meilleur prix. Que disfruten de su viaje a Colombia (profitez bien de votre voyage en Colombie)&nbsp;!<\/em><\/p>\n\n\n\n<p><\/p>\n\n\n\n<div class=\"schema-faq wp-block-yoast-faq-block\"><div class=\"schema-faq-section\" id=\"faq-question-1725001800154\"><strong class=\"schema-faq-question\"><strong>Quels sont les incontournables \u00e0 visiter en Colombie\u00a0?<\/strong><\/strong> <p class=\"schema-faq-answer\">En Colombie, ne manquez pas les villes de Bogot\u00e1, Medell\u00edn et Cartagena. Visitez le Parc National Tayrona, la for\u00eat amazonienne et les plages pacifiques et carib\u00e9ennes, et explorez la r\u00e9gion du caf\u00e9.<\/p> <\/div> <div class=\"schema-faq-section\" id=\"faq-question-1725001801473\"><strong class=\"schema-faq-question\"><strong>Que pr\u00e9voir pour partir en Colombie\u00a0?<\/strong><\/strong> <p class=\"schema-faq-answer\">Pensez \u00e0 planifier votre voyage \u00e0 l\u2019avance pour r\u00e9server vos transports et h\u00e9bergements, \u00e0 pr\u00e9voir vos vaccinations et une assurance de voyage, et \u00e0 penser aux variations de temp\u00e9rature en faisant vos bagages.\u00a0<\/p> <\/div> <div class=\"schema-faq-section\" id=\"faq-question-1725001802242\"><strong class=\"schema-faq-question\"><strong>O\u00f9 se loger en Colombie\u00a0?<\/strong><\/strong> <p class=\"schema-faq-answer\">Le pays dispose de nombreuses options d&rsquo;h\u00e9bergement : des h\u00f4tels, des auberges de jeunesse, des maisons d\u2019h\u00f4tes, des \u00e9colodges, des Airbnb et des fincas.<br\/><\/p> <\/div> <\/div>\n","protected":false},"excerpt":{"rendered":"L\u2019Am\u00e9rique latine est vaste, et la Colombie, qui tire d\u2019ailleurs son nom de l\u2019explorateur espagnol Christophe Colomb (une&hellip;\n","protected":false},"author":14,"featured_media":6207,"comment_status":"closed","ping_status":"closed","sticky":false,"template":"","format":"standard","meta":{"csco_singular_sidebar":"","csco_page_header_type":"","csco_page_load_nextpost":"","csco_post_video_location":[],"csco_post_video_url":"","csco_post_video_bg_start_time":0,"csco_post_video_bg_end_time":0,"footnotes":""},"categories":[94],"tags":[],"class_list":{"0":"post-6116","1":"post","2":"type-post","3":"status-publish","4":"format-standard","5":"has-post-thumbnail","7":"category-amerique-du-sud","8":"cs-entry","9":"cs-video-wrap"},"yoast_head":"<!-- This site is optimized with the Yoast SEO plugin v23.9 - https:\/\/yoast.com\/wordpress\/plugins\/seo\/ -->\n<title>Le guide complet pour un itin\u00e9raire de 15 jours en Colombie<\/title>\n<meta name=\"description\" content=\"Trazler vous partage toutes les infos \u00e0 conna\u00eetre pour un voyage inoubliable de 15 jours en Colombie\" \/>\n<meta name=\"robots\" content=\"index, follow, max-snippet:-1, max-image-preview:large, max-video-preview:-1\" \/>\n<link rel=\"canonical\" href=\"https:\/\/blog.trazler.com\/fr\/2024\/09\/10\/guide-voyage-15-jours-colombie\/\" \/>\n<meta property=\"og:locale\" content=\"fr_FR\" \/>\n<meta property=\"og:type\" content=\"article\" \/>\n<meta property=\"og:title\" content=\"Le guide complet pour un itin\u00e9raire de 15 jours en Colombie\" \/>\n<meta property=\"og:description\" content=\"Trazler vous partage toutes les infos \u00e0 conna\u00eetre pour un voyage inoubliable de 15 jours en Colombie\" \/>\n<meta property=\"og:url\" content=\"https:\/\/blog.trazler.com\/fr\/2024\/09\/10\/guide-voyage-15-jours-colombie\/\" \/>\n<meta property=\"og:site_name\" content=\"Trazler Blog\" \/>\n<meta property=\"article:published_time\" content=\"2024-09-10T08:03:00+00:00\" \/>\n<meta property=\"article:modified_time\" content=\"2024-09-08T10:12:08+00:00\" \/>\n<meta property=\"og:image\" content=\"https:\/\/blog.trazler.com\/wp-content\/uploads\/2024\/09\/ricardo-gomez-angel-L6T_6Rp2iEk-unsplash-1.jpg\" \/>\n\t<meta property=\"og:image:width\" content=\"1920\" \/>\n\t<meta property=\"og:image:height\" content=\"1348\" \/>\n\t<meta property=\"og:image:type\" content=\"image\/jpeg\" \/>\n<meta name=\"author\" content=\"Leonie Malleville\" \/>\n<meta name=\"twitter:card\" content=\"summary_large_image\" \/>\n<meta name=\"twitter:label1\" content=\"\u00c9crit par\" \/>\n\t<meta name=\"twitter:data1\" content=\"Leonie Malleville\" \/>\n\t<meta name=\"twitter:label2\" content=\"Dur\u00e9e de lecture estim\u00e9e\" \/>\n\t<meta name=\"twitter:data2\" content=\"12 minutes\" \/>\n<script type=\"application\/ld+json\" class=\"yoast-schema-graph\">{\"@context\":\"https:\/\/schema.org\",\"@graph\":[{\"@type\":\"Article\",\"@id\":\"https:\/\/blog.trazler.com\/fr\/2024\/09\/10\/guide-voyage-15-jours-colombie\/#article\",\"isPartOf\":{\"@id\":\"https:\/\/blog.trazler.com\/fr\/2024\/09\/10\/guide-voyage-15-jours-colombie\/\"},\"author\":{\"name\":\"Leonie Malleville\",\"@id\":\"https:\/\/blog.trazler.com\/fr\/#\/schema\/person\/c3cdcc8f02dcef03f0d3517174934faa\"},\"headline\":\"Visiter la Colombie en 15\u00a0jours : le guide complet pour un voyage id\u00e9al\",\"datePublished\":\"2024-09-10T08:03:00+00:00\",\"dateModified\":\"2024-09-08T10:12:08+00:00\",\"mainEntityOfPage\":{\"@id\":\"https:\/\/blog.trazler.com\/fr\/2024\/09\/10\/guide-voyage-15-jours-colombie\/\"},\"wordCount\":2943,\"publisher\":{\"@id\":\"https:\/\/blog.trazler.com\/fr\/#organization\"},\"image\":{\"@id\":\"https:\/\/blog.trazler.com\/fr\/2024\/09\/10\/guide-voyage-15-jours-colombie\/#primaryimage\"},\"thumbnailUrl\":\"https:\/\/blog.trazler.com\/wp-content\/uploads\/2024\/09\/ricardo-gomez-angel-L6T_6Rp2iEk-unsplash-1.jpg\",\"articleSection\":[\"Am\u00e9rique du sud\"],\"inLanguage\":\"fr-FR\"},{\"@type\":[\"WebPage\",\"FAQPage\"],\"@id\":\"https:\/\/blog.trazler.com\/fr\/2024\/09\/10\/guide-voyage-15-jours-colombie\/\",\"url\":\"https:\/\/blog.trazler.com\/fr\/2024\/09\/10\/guide-voyage-15-jours-colombie\/\",\"name\":\"Le guide complet pour un itin\u00e9raire de 15 jours en Colombie\",\"isPartOf\":{\"@id\":\"https:\/\/blog.trazler.com\/fr\/#website\"},\"primaryImageOfPage\":{\"@id\":\"https:\/\/blog.trazler.com\/fr\/2024\/09\/10\/guide-voyage-15-jours-colombie\/#primaryimage\"},\"image\":{\"@id\":\"https:\/\/blog.trazler.com\/fr\/2024\/09\/10\/guide-voyage-15-jours-colombie\/#primaryimage\"},\"thumbnailUrl\":\"https:\/\/blog.trazler.com\/wp-content\/uploads\/2024\/09\/ricardo-gomez-angel-L6T_6Rp2iEk-unsplash-1.jpg\",\"datePublished\":\"2024-09-10T08:03:00+00:00\",\"dateModified\":\"2024-09-08T10:12:08+00:00\",\"description\":\"Trazler vous partage toutes les infos \u00e0 conna\u00eetre pour un voyage inoubliable de 15 jours en Colombie\",\"breadcrumb\":{\"@id\":\"https:\/\/blog.trazler.com\/fr\/2024\/09\/10\/guide-voyage-15-jours-colombie\/#breadcrumb\"},\"mainEntity\":[{\"@id\":\"https:\/\/blog.trazler.com\/fr\/2024\/09\/10\/guide-voyage-15-jours-colombie\/#faq-question-1725001800154\"},{\"@id\":\"https:\/\/blog.trazler.com\/fr\/2024\/09\/10\/guide-voyage-15-jours-colombie\/#faq-question-1725001801473\"},{\"@id\":\"https:\/\/blog.trazler.com\/fr\/2024\/09\/10\/guide-voyage-15-jours-colombie\/#faq-question-1725001802242\"}],\"inLanguage\":\"fr-FR\",\"potentialAction\":[{\"@type\":\"ReadAction\",\"target\":[\"https:\/\/blog.trazler.com\/fr\/2024\/09\/10\/guide-voyage-15-jours-colombie\/\"]}]},{\"@type\":\"ImageObject\",\"inLanguage\":\"fr-FR\",\"@id\":\"https:\/\/blog.trazler.com\/fr\/2024\/09\/10\/guide-voyage-15-jours-colombie\/#primaryimage\",\"url\":\"https:\/\/blog.trazler.com\/wp-content\/uploads\/2024\/09\/ricardo-gomez-angel-L6T_6Rp2iEk-unsplash-1.jpg\",\"contentUrl\":\"https:\/\/blog.trazler.com\/wp-content\/uploads\/2024\/09\/ricardo-gomez-angel-L6T_6Rp2iEk-unsplash-1.jpg\",\"width\":1920,\"height\":1348,\"caption\":\"Village color\u00e9, Cartagena, Colombie\"},{\"@type\":\"BreadcrumbList\",\"@id\":\"https:\/\/blog.trazler.com\/fr\/2024\/09\/10\/guide-voyage-15-jours-colombie\/#breadcrumb\",\"itemListElement\":[{\"@type\":\"ListItem\",\"position\":1,\"name\":\"Page d'accueil\",\"item\":\"https:\/\/blog.trazler.com\/fr\/\"},{\"@type\":\"ListItem\",\"position\":2,\"name\":\"Am\u00e9rique du sud\",\"item\":\"https:\/\/blog.trazler.com\/fr\/category\/amerique-du-sud\/\"},{\"@type\":\"ListItem\",\"position\":3,\"name\":\"Visiter la Colombie en 15\u00a0jours : le guide complet pour un voyage id\u00e9al\"}]},{\"@type\":\"WebSite\",\"@id\":\"https:\/\/blog.trazler.com\/fr\/#website\",\"url\":\"https:\/\/blog.trazler.com\/fr\/\",\"name\":\"Trazler Blog\",\"description\":\"Book smart, travel simple\",\"publisher\":{\"@id\":\"https:\/\/blog.trazler.com\/fr\/#organization\"},\"alternateName\":\"Trazler travels\",\"potentialAction\":[{\"@type\":\"SearchAction\",\"target\":{\"@type\":\"EntryPoint\",\"urlTemplate\":\"https:\/\/blog.trazler.com\/fr\/?s={search_term_string}\"},\"query-input\":{\"@type\":\"PropertyValueSpecification\",\"valueRequired\":true,\"valueName\":\"search_term_string\"}}],\"inLanguage\":\"fr-FR\"},{\"@type\":\"Organization\",\"@id\":\"https:\/\/blog.trazler.com\/fr\/#organization\",\"name\":\"Trazler Blog\",\"alternateName\":\"Trazler travel\",\"url\":\"https:\/\/blog.trazler.com\/fr\/\",\"logo\":{\"@type\":\"ImageObject\",\"inLanguage\":\"fr-FR\",\"@id\":\"https:\/\/blog.trazler.com\/fr\/#\/schema\/logo\/image\/\",\"url\":\"https:\/\/blog.trazler.com\/wp-content\/uploads\/2022\/12\/Group-237718.png\",\"contentUrl\":\"https:\/\/blog.trazler.com\/wp-content\/uploads\/2022\/12\/Group-237718.png\",\"width\":262,\"height\":28,\"caption\":\"Trazler Blog\"},\"image\":{\"@id\":\"https:\/\/blog.trazler.com\/fr\/#\/schema\/logo\/image\/\"}},{\"@type\":\"Person\",\"@id\":\"https:\/\/blog.trazler.com\/fr\/#\/schema\/person\/c3cdcc8f02dcef03f0d3517174934faa\",\"name\":\"Leonie Malleville\",\"image\":{\"@type\":\"ImageObject\",\"inLanguage\":\"fr-FR\",\"@id\":\"https:\/\/blog.trazler.com\/fr\/#\/schema\/person\/image\/\",\"url\":\"https:\/\/secure.gravatar.com\/avatar\/3f4ea9adb2494082095d91ffb7bd82a0?s=96&d=mm&r=g\",\"contentUrl\":\"https:\/\/secure.gravatar.com\/avatar\/3f4ea9adb2494082095d91ffb7bd82a0?s=96&d=mm&r=g\",\"caption\":\"Leonie Malleville\"},\"description\":\"Je m\u2019appelle L\u00e9onie, et j\u2019ai une certaine exp\u00e9rience du voyage et de la vie \u00e0 l\u2019international. J\u2019aime \u00e9crire sur le sujet afin de partager les meilleurs tips pour les adeptes de l\u2019aventure !\",\"url\":\"https:\/\/blog.trazler.com\/fr\/author\/leonie\/\"},{\"@type\":\"Question\",\"@id\":\"https:\/\/blog.trazler.com\/fr\/2024\/09\/10\/guide-voyage-15-jours-colombie\/#faq-question-1725001800154\",\"position\":1,\"url\":\"https:\/\/blog.trazler.com\/fr\/2024\/09\/10\/guide-voyage-15-jours-colombie\/#faq-question-1725001800154\",\"name\":\"Quels sont les incontournables \u00e0 visiter en Colombie\u00a0?\",\"answerCount\":1,\"acceptedAnswer\":{\"@type\":\"Answer\",\"text\":\"En Colombie, ne manquez pas les villes de Bogot\u00e1, Medell\u00edn et Cartagena. Visitez le Parc National Tayrona, la for\u00eat amazonienne et les plages pacifiques et carib\u00e9ennes, et explorez la r\u00e9gion du caf\u00e9.\",\"inLanguage\":\"fr-FR\"},\"inLanguage\":\"fr-FR\"},{\"@type\":\"Question\",\"@id\":\"https:\/\/blog.trazler.com\/fr\/2024\/09\/10\/guide-voyage-15-jours-colombie\/#faq-question-1725001801473\",\"position\":2,\"url\":\"https:\/\/blog.trazler.com\/fr\/2024\/09\/10\/guide-voyage-15-jours-colombie\/#faq-question-1725001801473\",\"name\":\"Que pr\u00e9voir pour partir en Colombie\u00a0?\",\"answerCount\":1,\"acceptedAnswer\":{\"@type\":\"Answer\",\"text\":\"Pensez \u00e0 planifier votre voyage \u00e0 l\u2019avance pour r\u00e9server vos transports et h\u00e9bergements, \u00e0 pr\u00e9voir vos vaccinations et une assurance de voyage, et \u00e0 penser aux variations de temp\u00e9rature en faisant vos bagages.\u00a0\",\"inLanguage\":\"fr-FR\"},\"inLanguage\":\"fr-FR\"},{\"@type\":\"Question\",\"@id\":\"https:\/\/blog.trazler.com\/fr\/2024\/09\/10\/guide-voyage-15-jours-colombie\/#faq-question-1725001802242\",\"position\":3,\"url\":\"https:\/\/blog.trazler.com\/fr\/2024\/09\/10\/guide-voyage-15-jours-colombie\/#faq-question-1725001802242\",\"name\":\"O\u00f9 se loger en Colombie\u00a0?\",\"answerCount\":1,\"acceptedAnswer\":{\"@type\":\"Answer\",\"text\":\"Le pays dispose de nombreuses options d'h\u00e9bergement : des h\u00f4tels, des auberges de jeunesse, des maisons d\u2019h\u00f4tes, des \u00e9colodges, des Airbnb et des fincas.<br\/>\",\"inLanguage\":\"fr-FR\"},\"inLanguage\":\"fr-FR\"}]}<\/script>\n<!-- \/ Yoast SEO plugin. -->","yoast_head_json":{"title":"Le guide complet pour un itin\u00e9raire de 15 jours en Colombie","description":"Trazler vous partage toutes les infos \u00e0 conna\u00eetre pour un voyage inoubliable de 15 jours en Colombie","robots":{"index":"index","follow":"follow","max-snippet":"max-snippet:-1","max-image-preview":"max-image-preview:large","max-video-preview":"max-video-preview:-1"},"canonical":"https:\/\/blog.trazler.com\/fr\/2024\/09\/10\/guide-voyage-15-jours-colombie\/","og_locale":"fr_FR","og_type":"article","og_title":"Le guide complet pour un itin\u00e9raire de 15 jours en Colombie","og_description":"Trazler vous partage toutes les infos \u00e0 conna\u00eetre pour un voyage inoubliable de 15 jours en Colombie","og_url":"https:\/\/blog.trazler.com\/fr\/2024\/09\/10\/guide-voyage-15-jours-colombie\/","og_site_name":"Trazler Blog","article_published_time":"2024-09-10T08:03:00+00:00","article_modified_time":"2024-09-08T10:12:08+00:00","og_image":[{"width":1920,"height":1348,"url":"https:\/\/blog.trazler.com\/wp-content\/uploads\/2024\/09\/ricardo-gomez-angel-L6T_6Rp2iEk-unsplash-1.jpg","type":"image\/jpeg"}],"author":"Leonie Malleville","twitter_card":"summary_large_image","twitter_misc":{"\u00c9crit par":"Leonie Malleville","Dur\u00e9e de lecture estim\u00e9e":"12 minutes"},"schema":{"@context":"https:\/\/schema.org","@graph":[{"@type":"Article","@id":"https:\/\/blog.trazler.com\/fr\/2024\/09\/10\/guide-voyage-15-jours-colombie\/#article","isPartOf":{"@id":"https:\/\/blog.trazler.com\/fr\/2024\/09\/10\/guide-voyage-15-jours-colombie\/"},"author":{"name":"Leonie Malleville","@id":"https:\/\/blog.trazler.com\/fr\/#\/schema\/person\/c3cdcc8f02dcef03f0d3517174934faa"},"headline":"Visiter la Colombie en 15\u00a0jours : le guide complet pour un voyage id\u00e9al","datePublished":"2024-09-10T08:03:00+00:00","dateModified":"2024-09-08T10:12:08+00:00","mainEntityOfPage":{"@id":"https:\/\/blog.trazler.com\/fr\/2024\/09\/10\/guide-voyage-15-jours-colombie\/"},"wordCount":2943,"publisher":{"@id":"https:\/\/blog.trazler.com\/fr\/#organization"},"image":{"@id":"https:\/\/blog.trazler.com\/fr\/2024\/09\/10\/guide-voyage-15-jours-colombie\/#primaryimage"},"thumbnailUrl":"https:\/\/blog.trazler.com\/wp-content\/uploads\/2024\/09\/ricardo-gomez-angel-L6T_6Rp2iEk-unsplash-1.jpg","articleSection":["Am\u00e9rique du sud"],"inLanguage":"fr-FR"},{"@type":["WebPage","FAQPage"],"@id":"https:\/\/blog.trazler.com\/fr\/2024\/09\/10\/guide-voyage-15-jours-colombie\/","url":"https:\/\/blog.trazler.com\/fr\/2024\/09\/10\/guide-voyage-15-jours-colombie\/","name":"Le guide complet pour un itin\u00e9raire de 15 jours en Colombie","isPartOf":{"@id":"https:\/\/blog.trazler.com\/fr\/#website"},"primaryImageOfPage":{"@id":"https:\/\/blog.trazler.com\/fr\/2024\/09\/10\/guide-voyage-15-jours-colombie\/#primaryimage"},"image":{"@id":"https:\/\/blog.trazler.com\/fr\/2024\/09\/10\/guide-voyage-15-jours-colombie\/#primaryimage"},"thumbnailUrl":"https:\/\/blog.trazler.com\/wp-content\/uploads\/2024\/09\/ricardo-gomez-angel-L6T_6Rp2iEk-unsplash-1.jpg","datePublished":"2024-09-10T08:03:00+00:00","dateModified":"2024-09-08T10:12:08+00:00","description":"Trazler vous partage toutes les infos \u00e0 conna\u00eetre pour un voyage inoubliable de 15 jours en Colombie","breadcrumb":{"@id":"https:\/\/blog.trazler.com\/fr\/2024\/09\/10\/guide-voyage-15-jours-colombie\/#breadcrumb"},"mainEntity":[{"@id":"https:\/\/blog.trazler.com\/fr\/2024\/09\/10\/guide-voyage-15-jours-colombie\/#faq-question-1725001800154"},{"@id":"https:\/\/blog.trazler.com\/fr\/2024\/09\/10\/guide-voyage-15-jours-colombie\/#faq-question-1725001801473"},{"@id":"https:\/\/blog.trazler.com\/fr\/2024\/09\/10\/guide-voyage-15-jours-colombie\/#faq-question-1725001802242"}],"inLanguage":"fr-FR","potentialAction":[{"@type":"ReadAction","target":["https:\/\/blog.trazler.com\/fr\/2024\/09\/10\/guide-voyage-15-jours-colombie\/"]}]},{"@type":"ImageObject","inLanguage":"fr-FR","@id":"https:\/\/blog.trazler.com\/fr\/2024\/09\/10\/guide-voyage-15-jours-colombie\/#primaryimage","url":"https:\/\/blog.trazler.com\/wp-content\/uploads\/2024\/09\/ricardo-gomez-angel-L6T_6Rp2iEk-unsplash-1.jpg","contentUrl":"https:\/\/blog.trazler.com\/wp-content\/uploads\/2024\/09\/ricardo-gomez-angel-L6T_6Rp2iEk-unsplash-1.jpg","width":1920,"height":1348,"caption":"Village color\u00e9, Cartagena, Colombie"},{"@type":"BreadcrumbList","@id":"https:\/\/blog.trazler.com\/fr\/2024\/09\/10\/guide-voyage-15-jours-colombie\/#breadcrumb","itemListElement":[{"@type":"ListItem","position":1,"name":"Page d'accueil","item":"https:\/\/blog.trazler.com\/fr\/"},{"@type":"ListItem","position":2,"name":"Am\u00e9rique du sud","item":"https:\/\/blog.trazler.com\/fr\/category\/amerique-du-sud\/"},{"@type":"ListItem","position":3,"name":"Visiter la Colombie en 15\u00a0jours : le guide complet pour un voyage id\u00e9al"}]},{"@type":"WebSite","@id":"https:\/\/blog.trazler.com\/fr\/#website","url":"https:\/\/blog.trazler.com\/fr\/","name":"Trazler Blog","description":"Book smart, travel simple","publisher":{"@id":"https:\/\/blog.trazler.com\/fr\/#organization"},"alternateName":"Trazler travels","potentialAction":[{"@type":"SearchAction","target":{"@type":"EntryPoint","urlTemplate":"https:\/\/blog.trazler.com\/fr\/?s={search_term_string}"},"query-input":{"@type":"PropertyValueSpecification","valueRequired":true,"valueName":"search_term_string"}}],"inLanguage":"fr-FR"},{"@type":"Organization","@id":"https:\/\/blog.trazler.com\/fr\/#organization","name":"Trazler Blog","alternateName":"Trazler travel","url":"https:\/\/blog.trazler.com\/fr\/","logo":{"@type":"ImageObject","inLanguage":"fr-FR","@id":"https:\/\/blog.trazler.com\/fr\/#\/schema\/logo\/image\/","url":"https:\/\/blog.trazler.com\/wp-content\/uploads\/2022\/12\/Group-237718.png","contentUrl":"https:\/\/blog.trazler.com\/wp-content\/uploads\/2022\/12\/Group-237718.png","width":262,"height":28,"caption":"Trazler Blog"},"image":{"@id":"https:\/\/blog.trazler.com\/fr\/#\/schema\/logo\/image\/"}},{"@type":"Person","@id":"https:\/\/blog.trazler.com\/fr\/#\/schema\/person\/c3cdcc8f02dcef03f0d3517174934faa","name":"Leonie Malleville","image":{"@type":"ImageObject","inLanguage":"fr-FR","@id":"https:\/\/blog.trazler.com\/fr\/#\/schema\/person\/image\/","url":"https:\/\/secure.gravatar.com\/avatar\/3f4ea9adb2494082095d91ffb7bd82a0?s=96&d=mm&r=g","contentUrl":"https:\/\/secure.gravatar.com\/avatar\/3f4ea9adb2494082095d91ffb7bd82a0?s=96&d=mm&r=g","caption":"Leonie Malleville"},"description":"Je m\u2019appelle L\u00e9onie, et j\u2019ai une certaine exp\u00e9rience du voyage et de la vie \u00e0 l\u2019international. J\u2019aime \u00e9crire sur le sujet afin de partager les meilleurs tips pour les adeptes de l\u2019aventure !","url":"https:\/\/blog.trazler.com\/fr\/author\/leonie\/"},{"@type":"Question","@id":"https:\/\/blog.trazler.com\/fr\/2024\/09\/10\/guide-voyage-15-jours-colombie\/#faq-question-1725001800154","position":1,"url":"https:\/\/blog.trazler.com\/fr\/2024\/09\/10\/guide-voyage-15-jours-colombie\/#faq-question-1725001800154","name":"Quels sont les incontournables \u00e0 visiter en Colombie\u00a0?","answerCount":1,"acceptedAnswer":{"@type":"Answer","text":"En Colombie, ne manquez pas les villes de Bogot\u00e1, Medell\u00edn et Cartagena. Visitez le Parc National Tayrona, la for\u00eat amazonienne et les plages pacifiques et carib\u00e9ennes, et explorez la r\u00e9gion du caf\u00e9.","inLanguage":"fr-FR"},"inLanguage":"fr-FR"},{"@type":"Question","@id":"https:\/\/blog.trazler.com\/fr\/2024\/09\/10\/guide-voyage-15-jours-colombie\/#faq-question-1725001801473","position":2,"url":"https:\/\/blog.trazler.com\/fr\/2024\/09\/10\/guide-voyage-15-jours-colombie\/#faq-question-1725001801473","name":"Que pr\u00e9voir pour partir en Colombie\u00a0?","answerCount":1,"acceptedAnswer":{"@type":"Answer","text":"Pensez \u00e0 planifier votre voyage \u00e0 l\u2019avance pour r\u00e9server vos transports et h\u00e9bergements, \u00e0 pr\u00e9voir vos vaccinations et une assurance de voyage, et \u00e0 penser aux variations de temp\u00e9rature en faisant vos bagages.\u00a0","inLanguage":"fr-FR"},"inLanguage":"fr-FR"},{"@type":"Question","@id":"https:\/\/blog.trazler.com\/fr\/2024\/09\/10\/guide-voyage-15-jours-colombie\/#faq-question-1725001802242","position":3,"url":"https:\/\/blog.trazler.com\/fr\/2024\/09\/10\/guide-voyage-15-jours-colombie\/#faq-question-1725001802242","name":"O\u00f9 se loger en Colombie\u00a0?","answerCount":1,"acceptedAnswer":{"@type":"Answer","text":"Le pays dispose de nombreuses options d'h\u00e9bergement : des h\u00f4tels, des auberges de jeunesse, des maisons d\u2019h\u00f4tes, des \u00e9colodges, des Airbnb et des fincas.<br\/>","inLanguage":"fr-FR"},"inLanguage":"fr-FR"}]}},"_links":{"self":[{"href":"https:\/\/blog.trazler.com\/fr\/wp-json\/wp\/v2\/posts\/6116","targetHints":{"allow":["GET"]}}],"collection":[{"href":"https:\/\/blog.trazler.com\/fr\/wp-json\/wp\/v2\/posts"}],"about":[{"href":"https:\/\/blog.trazler.com\/fr\/wp-json\/wp\/v2\/types\/post"}],"author":[{"embeddable":true,"href":"https:\/\/blog.trazler.com\/fr\/wp-json\/wp\/v2\/users\/14"}],"replies":[{"embeddable":true,"href":"https:\/\/blog.trazler.com\/fr\/wp-json\/wp\/v2\/comments?post=6116"}],"version-history":[{"count":2,"href":"https:\/\/blog.trazler.com\/fr\/wp-json\/wp\/v2\/posts\/6116\/revisions"}],"predecessor-version":[{"id":6223,"href":"https:\/\/blog.trazler.com\/fr\/wp-json\/wp\/v2\/posts\/6116\/revisions\/6223"}],"wp:featuredmedia":[{"embeddable":true,"href":"https:\/\/blog.trazler.com\/fr\/wp-json\/wp\/v2\/media\/6207"}],"wp:attachment":[{"href":"https:\/\/blog.trazler.com\/fr\/wp-json\/wp\/v2\/media?parent=6116"}],"wp:term":[{"taxonomy":"category","embeddable":true,"href":"https:\/\/blog.trazler.com\/fr\/wp-json\/wp\/v2\/categories?post=6116"},{"taxonomy":"post_tag","embeddable":true,"href":"https:\/\/blog.trazler.com\/fr\/wp-json\/wp\/v2\/tags?post=6116"}],"curies":[{"name":"wp","href":"https:\/\/api.w.org\/{rel}","templated":true}]}}