{"id":6105,"date":"2024-09-03T08:00:00","date_gmt":"2024-09-03T08:00:00","guid":{"rendered":"https:\/\/blog.trazler.com\/?p=6105"},"modified":"2024-09-08T10:12:36","modified_gmt":"2024-09-08T10:12:36","slug":"meilleurs-hotels-all-inclusive-palma-de-majorque","status":"publish","type":"post","link":"https:\/\/blog.trazler.com\/fr\/2024\/09\/03\/meilleurs-hotels-all-inclusive-palma-de-majorque\/","title":{"rendered":"Top 5\u00a0H\u00f4tels All Inclusive \u00e0 Palma de Majorque"},"content":{"rendered":"\n<p><em>Apr\u00e8s une ann\u00e9e de travail intense, nous r\u00eavons tous de vacances ax\u00e9es d\u00e9tente, relaxation et farniente pour se ressourcer et faire le plein de vitamine D. Quoi de mieux pour cela qu\u2019un <\/em><strong><em>s\u00e9jour all inclusive sur une \u00eele espagnole&nbsp;<\/em><\/strong><em>?&nbsp;<\/em><\/p>\n\n\n\n<p><em>Pour pr\u00e9parer vos vacances de r\u00eave sous le soleil, Trazler vous propose une petite s\u00e9lection des <\/em><strong><em>meilleurs h\u00f4tels all inclusive<\/em><\/strong><em> sur la plus grande \u00eele des Bal\u00e9ares, <\/em><strong><em>Palma de Majorque<\/em><\/strong><em>.<\/em><\/p>\n\n\n\n<p><em>Connue pour son climat m\u00e9diterran\u00e9en, id\u00e9al pour des vacances magiques entre ville et nature, <\/em><strong><em>Palma de Majorque vous offrira un s\u00e9jour de r\u00eave<\/em><\/strong><em>. Imaginez-vous sur des plages magnifiques \u00e0 l\u2019eau cristalline, avec un cocktail et de d\u00e9licieuses tapas \u00e0 port\u00e9e de main. \u00a1Ah\u00ed vamos! (Allons-y\u00a0!)<\/em><\/p>\n\n\n\n<h2 id=\"pourquoi-choisir-palma-pour-des-vacances-all-inclusive\" class=\"wp-block-heading\">Pourquoi choisir Palma pour des vacances all inclusive&nbsp;?<\/h2>\n\n\n\n<h3 id=\"un-climat-et-des-paysages-incroyables\" class=\"wp-block-heading\">Un climat et des paysages incroyables&nbsp;<\/h3>\n\n\n\n<p>Tout d\u2019abord (et peut-\u00eatre est-ce la raison principale du succ\u00e8s de Palma), l\u2019\u00eele b\u00e9n\u00e9ficie d&rsquo;un <strong>climat m\u00e9diterran\u00e9en<\/strong> tel qu\u2019on en r\u00eave pendant les hivers froids. Ses <strong>\u00e9t\u00e9s sont chauds et ensoleill\u00e9s<\/strong>, avec une superbe lumi\u00e8re : en somme, les ingr\u00e9dients parfaits pour des vacances inoubliables.&nbsp;<\/p>\n\n\n\n<p>Ensuite, les <strong>plages de Palma de Majorque<\/strong> sont parmi les plus belles des Bal\u00e9ares. Les longues \u00e9tendues de sable fin comme Playa de&nbsp;Palma ou les criques plus intimes s\u2019offrent aux visiteurs, pour des journ\u00e9es bronzage et relaxation profonde.<\/p>\n\n\n\n<p>Enfin, \u00e0 Palma, vous pourrez profiter de<strong> magnifiques paysages naturels<\/strong>, entre montagnes, parcs naturels ou r\u00e9serves marines. Les amateurs de nature appr\u00e9cieront la diversit\u00e9 des \u00e9cosyst\u00e8mes et l\u2019acc\u00e8s \u00e0 de nombreuses activit\u00e9s type plong\u00e9e, snorkeling ou randonn\u00e9e.<\/p>\n\n\n\n<h3 id=\"une-culture-vibrante\" class=\"wp-block-heading\">Une culture vibrante&nbsp;<\/h3>\n\n\n\n<p>Si vous vous rendez \u00e0 Palma, vous profiterez d\u2019un <strong>patrimoine culturel et historique riche<\/strong>, entre deux sorties plage. L\u2019\u00eele compte des attractions telles que la majestueuse cath\u00e9drale La Seu, le Palais de l&rsquo;Almudaina et le ch\u00e2teau de Bellver. Vous pourrez vous perdre dans les rues \u00e9troites de la vieille ville et explorer ses boutiques artisanales et restaurants locaux.<\/p>\n\n\n\n<p>Les \u00eeles espagnoles proposent une <strong>gastronomie vari\u00e9e<\/strong>. Ainsi, les <strong>h\u00f4tels all inclusive \u00e0 Palma<\/strong> offrent une grande vari\u00e9t\u00e9 de plats inspir\u00e9s par la riche tradition culinaire majorquine. Profitez-en pour d\u00e9guster une paella, du tumbet (gratin de l\u00e9gumes) et des ensaimadas (p\u00e2tisseries). Si vous le souhaitez, faites un tour dans les march\u00e9s nocturnes pour go\u00fbter des sp\u00e9cialit\u00e9s de l\u2019\u00eele.&nbsp;<\/p>\n\n\n\n<p>Palma de Majorque vous offrira \u00e9galement une <strong>multitude d\u2019activit\u00e9s diurnes et nocturnes<\/strong> pour des vacances uniques. Profitez des plaisirs baln\u00e9aires, des randonn\u00e9es dans la Serra de Tramuntana et des vignobles locaux. D\u00e9couvrez la vie nocturne anim\u00e9e avec les soir\u00e9es en bord de mer aux couchers de soleil spectaculaires.<\/p>\n\n\n\n<h3 id=\"des-hebergements-luxueux\" class=\"wp-block-heading\">Des h\u00e9bergements luxueux&nbsp;<\/h3>\n\n\n\n<p>Lorsque vous pr\u00e9parerez vos <strong>vacances \u00e0 Palma<\/strong>, vous aurez un large choix d\u2019options pour des <strong>h\u00f4tels luxueux et all inclusive<\/strong>, allant des complexes resorts aux options plus abordables. Vous y trouverez des services de haute qualit\u00e9 avec piscines, spas, restaurants gastronomiques et activit\u00e9s pour tous les \u00e2ges et toutes les envies.<\/p>\n\n\n\n<p>De plus, Majorque est connue pour \u00eatre une <strong>destination s\u00fbre et accueillante<\/strong>, avec une population locale chaleureuse. Les services dans les h\u00f4tels all inclusive sont de haute qualit\u00e9, avec un personnel attentionn\u00e9 pour des vacances sans tracas.<\/p>\n\n\n\n<h2 id=\"comment-choisir-son-hotel-a-palma-de-majorque\" class=\"wp-block-heading\">Comment choisir son h\u00f4tel \u00e0 Palma de Majorque&nbsp;?<\/h2>\n\n\n\n<h3 id=\"determiner-la-localisation-ideale\" class=\"wp-block-heading\">D\u00e9terminer la localisation id\u00e9ale&nbsp;<\/h3>\n\n\n\n<p>Pour un <strong>s\u00e9jour all inclusive<\/strong>, Palma offre de nombreux h\u00f4tels luxueux avec des services premium incluant spas, restaurants gastronomiques et vues panoramiques sur la mer. Pour une exp\u00e9rience plus intime et personnalis\u00e9e, vous pouvez choisir un h\u00f4tel boutique dans le centre historique offrant une atmosph\u00e8re et un design uniques.&nbsp;<\/p>\n\n\n\n<p>Une fois le type d\u2019h\u00f4tel choisi, <strong>r\u00e9fl\u00e9chissez \u00e0 la zone<\/strong> qui vous attire le plus :&nbsp;<\/p>\n\n\n\n<ul class=\"wp-block-list\">\n<li>Le <strong>centre historique<\/strong> (La Ciutat), pour \u00eatre au c\u0153ur de l&rsquo;action, \u00e0 proximit\u00e9 de la cath\u00e9drale La Seu, du quartier de La Lonja et du Paseo del&nbsp;Borne.<\/li>\n\n\n\n<li><strong>Proche des plages<\/strong> (Playa de Palma, Cala Major), pour un acc\u00e8s facile \u00e0 la mer et aux activit\u00e9s nautiques.&nbsp;<\/li>\n\n\n\n<li>La <strong>zone du port<\/strong>, id\u00e9ale pour profiter de la vie nocturne, des restaurants en bord de mer et des balades en bateau.&nbsp;<\/li>\n\n\n\n<li>Les <strong>quartiers calmes<\/strong> (Santa Catalina, G\u00e9nova), pour plus de tranquillit\u00e9, afin de se promener entre boutiques locales et caf\u00e9s, maisons traditionnelles et espaces de nature.<\/li>\n<\/ul>\n\n\n\n<h3 id=\"choisir-les-services-souhaites\" class=\"wp-block-heading\">Choisir les services souhait\u00e9s&nbsp;<\/h3>\n\n\n\n<p>Pour des vacances inoubliables, demandez-vous \u00e0 <strong>quels types de services<\/strong> vous souhaitez avoir acc\u00e8s durant votre s\u00e9jour. Les h\u00f4tels all inclusive de Palma proposent les options suivantes, il ne vous reste qu\u2019\u00e0 faire votre choix :&nbsp;<\/p>\n\n\n\n<ul class=\"wp-block-list\">\n<li><strong>Piscine et spa<\/strong> : essentiels si vous pr\u00e9voyez de passer du temps \u00e0 l&rsquo;h\u00f4tel et si vous souhaitez prendre du temps pour vous relaxer.<\/li>\n\n\n\n<li><strong>Restaurant et bar<\/strong> : pratiques pour les repas et les boissons sans avoir \u00e0 quitter l&rsquo;\u00e9tablissement. Certains h\u00f4tels ont des restaurants th\u00e9matiques, gastronomiques ou \u00e0 volont\u00e9.&nbsp;<\/li>\n\n\n\n<li><strong>Activit\u00e9s d\u2019animations et sportives<\/strong> : plusieurs h\u00f4tels proposent des jeux, des cours de fitness ou de yoga, des activit\u00e9s culturelles, des spectacles en soir\u00e9e, ainsi qu\u2019un acc\u00e8s \u00e0 diverses installations sportives type terrains de tennis ou de football, salles de sport et activit\u00e9s nautiques.&nbsp;<\/li>\n\n\n\n<li><strong>Espaces enfants<\/strong> : si vous partez en famille, vous pouvez choisir un h\u00f4tel proposant des espaces et activit\u00e9s pour enfants et ados.&nbsp;<\/li>\n<\/ul>\n\n\n\n<p>Avant de r\u00e9server, n\u2019oubliez pas de <strong>lire les avis et notations en ligne<\/strong> pour vous assurer de la qualit\u00e9 du service, de l&rsquo;ambiance g\u00e9n\u00e9rale de l&rsquo;h\u00f4tel et de l\u2019exp\u00e9rience client.<\/p>\n\n\n\n<h3 id=\"planifier-de-maniere-strategique\" class=\"wp-block-heading\">Planifier de mani\u00e8re strat\u00e9gique&nbsp;<\/h3>\n\n\n\n<p>Pour obtenir le s\u00e9jour id\u00e9al au meilleur prix, <strong>comparez les offres sp\u00e9ciales<\/strong> et les co\u00fbts sur plusieurs plateformes de r\u00e9servation comme <a href=\"https:\/\/trazler.com\/search\">Trazler<\/a>.&nbsp;<\/p>\n\n\n\n<p>Assurez-vous de bien comprendre et de garder en t\u00eate les <strong>conditions de r\u00e9servation<\/strong> et d&rsquo;annulation, surtout si les dates de votre voyage sont susceptibles de changer. Certains h\u00f4tels offrent parfois une annulation gratuite jusqu\u2019\u00e0 quelques jours avant votre arriv\u00e9e.<\/p>\n\n\n\n<h2 id=\"top-5-des-hotels-all-inclusive-a-palma-de-majorque\" class=\"wp-block-heading\">Top 5 des h\u00f4tels all inclusive \u00e0 Palma de Majorque<\/h2>\n\n\n\n<h3 id=\"convent-de-la-missio-art-urban-live\" class=\"wp-block-heading\">Convent de la Missi\u00f3 Art &amp; Urban Live<\/h3>\n\n\n\n<p>Situ\u00e9 dans le centre historique de Palma de Majorque, ce majestueux h\u00f4tel cinq \u00e9toiles offre une <strong>exp\u00e9rience luxueuse et authentique<\/strong>. Il offre un acc\u00e8s aux piscines int\u00e9rieure et ext\u00e9rieure, \u00e0 un bar-restaurant exclusif (\u00e9toil\u00e9 au guide Michelin) et \u00e0 un centre de fitness. L\u2019h\u00f4tel est orn\u00e9 d\u2019un design \u00e9pur\u00e9 et compte une galerie d\u2019art contemporain.&nbsp;<\/p>\n\n\n\n<p>Localis\u00e9 \u00e0 proximit\u00e9 de sites comme le Clo\u00eetre Claustre de Sant Antoniet, l\u2019\u00e9glise Sant Miquel et la Fondation Juan Mir\u00f3, l\u2019\u00e9tablissement, id\u00e9al pour les couples, permet \u00e0 ses clients de <strong>profiter du superbe patrimoine de l\u2019\u00eele<\/strong> avant de retourner se glisser entre les serviettes chaudes du spa et salon de massage.&nbsp;<\/p>\n\n\n\n<h3 id=\"innside-palma-center-by-melia-alcudia\" class=\"wp-block-heading\">INNSiDE Palma Center by Meli\u00e1 Alcudia<\/h3>\n\n\n\n<p>Situ\u00e9 \u00e0 Alcudia, cet h\u00f4tel quatre \u00e9toiles est <strong>id\u00e9al pour les vacances en famille<\/strong> et propose un large choix d\u2019activit\u00e9s, dont du yoga, des sports aquatiques et des locations de v\u00e9los. Sa localisation est parfaite, \u00e0 mi-chemin entre la plage et le centre-ville.&nbsp;<\/p>\n\n\n\n<p>C\u00f4t\u00e9 restaurant, vous pourrez choisir entre buffet et menu, ou bien pr\u00e9f\u00e9rer le service en chambre. L\u2019h\u00f4tel propose \u00e9galement un<strong> espace remise en forme<\/strong> avec piscine, installations sportives, spa, sauna, hammam et salon de massage.&nbsp;<\/p>\n\n\n\n<h3 id=\"palacio-can-marques\" class=\"wp-block-heading\">Palacio Can Marqu\u00e9s<\/h3>\n\n\n\n<p>Ce magnifique h\u00f4tel de luxe cinq \u00e9toiles est situ\u00e9 <strong>dans le centre de Palma de Majorque<\/strong>, tout pr\u00e8s de la Cath\u00e9drale Santa Mar\u00eda de Palma. Le Palacio Can Marqu\u00e9s est d\u00e9cor\u00e9 en faisant honneur \u00e0 son nom, avec toute une gamme de suites ainsi qu\u2019un Riad \u00e0 l\u2019inspiration moyen-orientale.&nbsp;<\/p>\n\n\n\n<p>Sa terrasse rooftop offre aux clients une douce atmosph\u00e8re dans la brise estivale, et une <strong>vue spectaculaire sur le coucher de soleil<\/strong> et les toits de la ville. Vous pourrez profiter du bar-restaurant dans le jardin secret, ainsi que de l\u2019espace d\u00e9tente et du gymnase.&nbsp;&nbsp;<\/p>\n\n\n\n<h3 id=\"sol-lunamar-palmanova-apartments\" class=\"wp-block-heading\">Sol Lunamar Palmanova Apartments<\/h3>\n\n\n\n<p>Situ\u00e9 \u00e0 Palmanova, sur la c\u00f4te sud-ouest de Majorque, cet h\u00f4tel-appartement resort trois \u00e9toiles est <strong>id\u00e9al pour des vacances en famille<\/strong>. Vous pourrez profiter de ses grands jardins, de son immense piscine ensoleill\u00e9e et de ses terrasses avec bars, caf\u00e9s et restaurants ouverts \u00e0 toute heure.&nbsp;<\/p>\n\n\n\n<p>C\u00f4t\u00e9 activit\u00e9s, l\u2019\u00e9tablissement donne acc\u00e8s \u00e0 <strong>toute une gamme de choix<\/strong> : pool-bar, bronzette au soleil, billard, ping-pong, golf, mini-golf, jet-ski, ski nautique, plong\u00e9e, planche \u00e0 voile, tennis, p\u00eache, jogging, \u00e9quitation, excursions en bateau\u2026 Vous ne saurez plus o\u00f9 donner de la t\u00eate&nbsp;!&nbsp;<\/p>\n\n\n\n<h3 id=\"hotel-riu-bravo\" class=\"wp-block-heading\">Hotel Riu Bravo<\/h3>\n\n\n\n<p>Pour clore ce top&nbsp;5 (non exhaustif) en beaut\u00e9, Trazler vous propose <strong>l\u2019h\u00f4tel all inclusive Riu Bravo<\/strong>, \u00e9tablissement quatre \u00e9toiles au confort in\u00e9gal\u00e9. Situ\u00e9 dans une zone tranquille, il permet aux clients d\u2019aller profiter du parc forestal \u00e0 proximit\u00e9, et de visiter l\u2019\u00e9glise La Porciuncula.&nbsp;&nbsp;<\/p>\n\n\n\n<p>L\u2019h\u00f4tel offre un acc\u00e8s facile \u00e0 la plage. Vous pourrez \u00e9galement profiter de la cuisine locale du restaurant, ainsi que des <strong>installations d\u00e9tente<\/strong> incluant un salon de massage, un spa, un bain de vapeur, plusieurs piscines et un centre sportif. Les enfants adoreront la salle de jeux con\u00e7ue sp\u00e9cialement pour eux.&nbsp;<\/p>\n\n\n\n<p><\/p>\n\n\n\n<figure class=\"wp-block-image size-large\"><img loading=\"lazy\" decoding=\"async\" width=\"819\" height=\"1024\" src=\"http:\/\/blog.trazler.com\/wp-content\/uploads\/2024\/08\/paul-pastourmatzis-6cFwskwFKyw-unsplash-1-1-819x1024.jpg\" alt=\"Trazler vous emm\u00e8ne \u00e0 Palma de Majorque pour des vacances all inclusives inoubliables\" class=\"wp-image-6112\" srcset=\"https:\/\/blog.trazler.com\/wp-content\/uploads\/2024\/08\/paul-pastourmatzis-6cFwskwFKyw-unsplash-1-1-819x1024.jpg 819w, https:\/\/blog.trazler.com\/wp-content\/uploads\/2024\/08\/paul-pastourmatzis-6cFwskwFKyw-unsplash-1-1-240x300.jpg 240w, https:\/\/blog.trazler.com\/wp-content\/uploads\/2024\/08\/paul-pastourmatzis-6cFwskwFKyw-unsplash-1-1-768x960.jpg 768w, https:\/\/blog.trazler.com\/wp-content\/uploads\/2024\/08\/paul-pastourmatzis-6cFwskwFKyw-unsplash-1-1-1229x1536.jpg 1229w, https:\/\/blog.trazler.com\/wp-content\/uploads\/2024\/08\/paul-pastourmatzis-6cFwskwFKyw-unsplash-1-1-1638x2048.jpg 1638w, https:\/\/blog.trazler.com\/wp-content\/uploads\/2024\/08\/paul-pastourmatzis-6cFwskwFKyw-unsplash-1-1-380x475.jpg 380w, https:\/\/blog.trazler.com\/wp-content\/uploads\/2024\/08\/paul-pastourmatzis-6cFwskwFKyw-unsplash-1-1-800x1000.jpg 800w, https:\/\/blog.trazler.com\/wp-content\/uploads\/2024\/08\/paul-pastourmatzis-6cFwskwFKyw-unsplash-1-1-1160x1450.jpg 1160w, https:\/\/blog.trazler.com\/wp-content\/uploads\/2024\/08\/paul-pastourmatzis-6cFwskwFKyw-unsplash-1-1.jpg 2000w\" sizes=\"auto, (max-width: 819px) 100vw, 819px\" \/><figcaption class=\"wp-element-caption\">Trazler vous emm\u00e8ne \u00e0 Palma de Majorque pour des vacances all inclusives inoubliables<\/figcaption><\/figure>\n\n\n\n<p><\/p>\n\n\n\n<h2 id=\"quelques-conseils-pour-des-vacances-reussies-a-palma\" class=\"wp-block-heading\">Quelques conseils pour des vacances r\u00e9ussies \u00e0 Palma&nbsp;<\/h2>\n\n\n\n<p>Une fois votre voyage planifi\u00e9 et votre h\u00f4tel r\u00e9serv\u00e9, il ne vous reste qu\u2019\u00e0 profiter et \u00e0 passer des <strong>vacances r\u00e9ussies \u00e0 Palma de Majorque<\/strong>. Pour ce faire, voici quelques conseils \u00e0 suivre :<\/p>\n\n\n\n<ul class=\"wp-block-list\">\n<li>R\u00e9fl\u00e9chissez \u00e0 la <strong>bonne p\u00e9riode pour partir<\/strong> : entre avril et juin ou en septembre-octobre, vous profiterez d\u2019un climat agr\u00e9able et \u00e9viterez les foules.<\/li>\n\n\n\n<li>R\u00e9servez votre h\u00e9bergement et vos activit\u00e9s <strong>\u00e0 l\u2019avance<\/strong> : Palma est une destination pris\u00e9e, planifiez donc strat\u00e9giquement pour avoir le choix parmi les meilleures offres.&nbsp;<\/li>\n\n\n\n<li>Explorez la <strong>culture locale<\/strong> : pensez aux plages, certes, mais aussi aux tr\u00e9sors culturels (d\u00e9taill\u00e9s pr\u00e9c\u00e9demment) qui enrichiront votre s\u00e9jour.<\/li>\n\n\n\n<li>D\u00e9gustez la <strong>gastronomie locale<\/strong> : go\u00fbtez aux sp\u00e9cialit\u00e9s majorquines, telles que la sobrasada (charcuterie), l\u2019ensaimada (une p\u00e2tisserie) ou encore le pa amb oli (pain aux tomates et \u00e0 l\u2019huile d\u2019olive). Visitez les march\u00e9s locaux pour d\u00e9couvrir les saveurs de l\u2019\u00eele.<\/li>\n\n\n\n<li>Planifiez vos <strong>excursions et activit\u00e9s<\/strong> : Palma est un excellent point de d\u00e9part pour d\u00e9couvrir d\u2019autres sites comme Valldemossa, dans la Serra de Tramuntana, ou les grottes du Drach. R\u00e9fl\u00e9chissez aux activit\u00e9s qui vous attirent, entre sports nautiques, randonn\u00e9es ou d\u00e9tente au bord de la piscine.&nbsp;<\/li>\n\n\n\n<li><strong>Prot\u00e9gez votre peau <\/strong>du soleil : le soleil m\u00e9diterran\u00e9en peut \u00eatre intense, surtout en \u00e9t\u00e9. N\u2019oubliez pas de prendre de la cr\u00e8me solaire, un chapeau et des lunettes de soleil pour vous prot\u00e9ger lorsque vous sortez.<\/li>\n<\/ul>\n\n\n\n<p><em>Voil\u00e0, vous \u00eates maintenant par\u00e9 pour pr\u00e9parer strat\u00e9giquement votre s\u00e9jour \u00e0 Palma de Majorque, et pour <\/em><strong><em>choisir l\u2019\u00e9tablissement all inclusive<\/em><\/strong><em> qui vous conviendra le mieux, selon votre budget, votre profil voyageur et les activit\u00e9s dont vous r\u00eavez.&nbsp;<\/em><\/p>\n\n\n\n<p><strong><em>Palma de Majorque<\/em><\/strong><em> est une destination id\u00e9ale pour des vacances d\u2019\u00e9vasion, de d\u00e9tente et d\u2019aventure, m\u00e9langeant culture, nature et relaxation. Les <\/em><strong><em>\u00e9tablissements all inclusive prennent tout en charge<\/em><\/strong><em> : il ne vous reste plus qu\u2019\u00e0 vous pr\u00e9occuper d\u2019en profiter.&nbsp;<\/em><br><em>Si ce top&nbsp;5 vous a paru utile, n\u2019h\u00e9sitez pas \u00e0 venir nous rendre visite chez <\/em><a href=\"https:\/\/trazler.com\/search\"><em>Trazler&nbsp;<\/em><\/a><em>: <\/em><strong><em>explorez notre plateforme en ligne<\/em><\/strong><em> pour booker votre voyage de fa\u00e7on simple, avec tout (billets, h\u00e9bergements, transports) au m\u00eame endroit et au meilleur prix. D\u00e9couvrez aussi nos <\/em><a href=\"https:\/\/blog.trazler.com\/fr\/\"><em>inspirations de voyage<\/em><\/a><em> pour les meilleurs conseils vacances. Hasta luego (\u00e0 bient\u00f4t)&nbsp;!<\/em><\/p>\n\n\n\n<div class=\"schema-faq wp-block-yoast-faq-block\"><div class=\"schema-faq-section\" id=\"faq-question-1725000252944\"><strong class=\"schema-faq-question\"><strong>Que visiter \u00e0 Palma de Majorque\u00a0?<\/strong><\/strong> <p class=\"schema-faq-answer\">Visitez la majestueuse cath\u00e9drale La Seu, le Palais de l&rsquo;Almudaina et le ch\u00e2teau de Bellver. Explorez les rues \u00e9troites de la vieille ville, ses boutiques artisanales et restaurants locaux.<\/p> <\/div> <div class=\"schema-faq-section\" id=\"faq-question-1725000258780\"><strong class=\"schema-faq-question\"><strong><br\/>Quelles sont les plus belles plages de Palma de Majorque\u00a0?<\/strong><\/strong> <p class=\"schema-faq-answer\">Les plages de Palma de Majorque sont parmi les plus belles des Bal\u00e9ares, notamment Playa de\u00a0Palma, Cala Mayor ou les criques plus intimes.<\/p> <\/div> <div class=\"schema-faq-section\" id=\"faq-question-1725000259660\"><strong class=\"schema-faq-question\"><strong>Pourquoi choisir un h\u00f4tel all inclusive \u00e0 Palma de Majorque\u00a0?\u00a0<\/strong><\/strong> <p class=\"schema-faq-answer\">Les h\u00f4tels all inclusive offrent une gamme compl\u00e8te de services et d\u2019activit\u00e9s pour tous les \u00e2ges et toutes les envies, afin que les visiteurs n\u2019aient \u00e0 se pr\u00e9occuper de rien et puissent profiter pleinement de leurs vacances.<\/p> <\/div> <\/div>\n","protected":false},"excerpt":{"rendered":"Apr\u00e8s une ann\u00e9e de travail intense, nous r\u00eavons tous de vacances ax\u00e9es d\u00e9tente, relaxation et farniente pour se&hellip;\n","protected":false},"author":14,"featured_media":6110,"comment_status":"closed","ping_status":"closed","sticky":false,"template":"","format":"standard","meta":{"csco_singular_sidebar":"","csco_page_header_type":"","csco_page_load_nextpost":"","csco_post_video_location":[],"csco_post_video_url":"","csco_post_video_bg_start_time":0,"csco_post_video_bg_end_time":0,"footnotes":""},"categories":[91],"tags":[],"class_list":{"0":"post-6105","1":"post","2":"type-post","3":"status-publish","4":"format-standard","5":"has-post-thumbnail","7":"category-europe","8":"cs-entry","9":"cs-video-wrap"},"yoast_head":"<!-- This site is optimized with the Yoast SEO plugin v23.9 - https:\/\/yoast.com\/wordpress\/plugins\/seo\/ -->\n<title>S\u00e9lection des meilleurs h\u00f4tels all inclusive \u00e0 Palma de Majorque<\/title>\n<meta name=\"description\" content=\"Trazler vous partage son top 5 des meilleurs h\u00f4tels all inclusive pour vos vacances \u00e0 Palma de Majorque\" \/>\n<meta name=\"robots\" content=\"index, follow, max-snippet:-1, max-image-preview:large, max-video-preview:-1\" \/>\n<link rel=\"canonical\" href=\"https:\/\/blog.trazler.com\/fr\/2024\/09\/03\/meilleurs-hotels-all-inclusive-palma-de-majorque\/\" \/>\n<meta property=\"og:locale\" content=\"fr_FR\" \/>\n<meta property=\"og:type\" content=\"article\" \/>\n<meta property=\"og:title\" content=\"S\u00e9lection des meilleurs h\u00f4tels all inclusive \u00e0 Palma de Majorque\" \/>\n<meta property=\"og:description\" content=\"Trazler vous partage son top 5 des meilleurs h\u00f4tels all inclusive pour vos vacances \u00e0 Palma de Majorque\" \/>\n<meta property=\"og:url\" content=\"https:\/\/blog.trazler.com\/fr\/2024\/09\/03\/meilleurs-hotels-all-inclusive-palma-de-majorque\/\" \/>\n<meta property=\"og:site_name\" content=\"Trazler Blog\" \/>\n<meta property=\"article:published_time\" content=\"2024-09-03T08:00:00+00:00\" \/>\n<meta property=\"article:modified_time\" content=\"2024-09-08T10:12:36+00:00\" \/>\n<meta property=\"og:image\" content=\"https:\/\/blog.trazler.com\/wp-content\/uploads\/2024\/08\/eugene-zhyvchik-P_nM4HIeX8Y-unsplash-1-scaled.jpg\" \/>\n\t<meta property=\"og:image:width\" content=\"2560\" \/>\n\t<meta property=\"og:image:height\" content=\"1707\" \/>\n\t<meta property=\"og:image:type\" content=\"image\/jpeg\" \/>\n<meta name=\"author\" content=\"Leonie Malleville\" \/>\n<meta name=\"twitter:card\" content=\"summary_large_image\" \/>\n<meta name=\"twitter:label1\" content=\"\u00c9crit par\" \/>\n\t<meta name=\"twitter:data1\" content=\"Leonie Malleville\" \/>\n\t<meta name=\"twitter:label2\" content=\"Dur\u00e9e de lecture estim\u00e9e\" \/>\n\t<meta name=\"twitter:data2\" content=\"9 minutes\" \/>\n<script type=\"application\/ld+json\" class=\"yoast-schema-graph\">{\"@context\":\"https:\/\/schema.org\",\"@graph\":[{\"@type\":\"Article\",\"@id\":\"https:\/\/blog.trazler.com\/fr\/2024\/09\/03\/meilleurs-hotels-all-inclusive-palma-de-majorque\/#article\",\"isPartOf\":{\"@id\":\"https:\/\/blog.trazler.com\/fr\/2024\/09\/03\/meilleurs-hotels-all-inclusive-palma-de-majorque\/\"},\"author\":{\"name\":\"Leonie Malleville\",\"@id\":\"https:\/\/blog.trazler.com\/fr\/#\/schema\/person\/c3cdcc8f02dcef03f0d3517174934faa\"},\"headline\":\"Top 5\u00a0H\u00f4tels All Inclusive \u00e0 Palma de Majorque\",\"datePublished\":\"2024-09-03T08:00:00+00:00\",\"dateModified\":\"2024-09-08T10:12:36+00:00\",\"mainEntityOfPage\":{\"@id\":\"https:\/\/blog.trazler.com\/fr\/2024\/09\/03\/meilleurs-hotels-all-inclusive-palma-de-majorque\/\"},\"wordCount\":2187,\"publisher\":{\"@id\":\"https:\/\/blog.trazler.com\/fr\/#organization\"},\"image\":{\"@id\":\"https:\/\/blog.trazler.com\/fr\/2024\/09\/03\/meilleurs-hotels-all-inclusive-palma-de-majorque\/#primaryimage\"},\"thumbnailUrl\":\"https:\/\/blog.trazler.com\/wp-content\/uploads\/2024\/08\/eugene-zhyvchik-P_nM4HIeX8Y-unsplash-1-scaled.jpg\",\"articleSection\":[\"Europe\"],\"inLanguage\":\"fr-FR\"},{\"@type\":[\"WebPage\",\"FAQPage\"],\"@id\":\"https:\/\/blog.trazler.com\/fr\/2024\/09\/03\/meilleurs-hotels-all-inclusive-palma-de-majorque\/\",\"url\":\"https:\/\/blog.trazler.com\/fr\/2024\/09\/03\/meilleurs-hotels-all-inclusive-palma-de-majorque\/\",\"name\":\"S\u00e9lection des meilleurs h\u00f4tels all inclusive \u00e0 Palma de Majorque\",\"isPartOf\":{\"@id\":\"https:\/\/blog.trazler.com\/fr\/#website\"},\"primaryImageOfPage\":{\"@id\":\"https:\/\/blog.trazler.com\/fr\/2024\/09\/03\/meilleurs-hotels-all-inclusive-palma-de-majorque\/#primaryimage\"},\"image\":{\"@id\":\"https:\/\/blog.trazler.com\/fr\/2024\/09\/03\/meilleurs-hotels-all-inclusive-palma-de-majorque\/#primaryimage\"},\"thumbnailUrl\":\"https:\/\/blog.trazler.com\/wp-content\/uploads\/2024\/08\/eugene-zhyvchik-P_nM4HIeX8Y-unsplash-1-scaled.jpg\",\"datePublished\":\"2024-09-03T08:00:00+00:00\",\"dateModified\":\"2024-09-08T10:12:36+00:00\",\"description\":\"Trazler vous partage son top 5 des meilleurs h\u00f4tels all inclusive pour vos vacances \u00e0 Palma de Majorque\",\"breadcrumb\":{\"@id\":\"https:\/\/blog.trazler.com\/fr\/2024\/09\/03\/meilleurs-hotels-all-inclusive-palma-de-majorque\/#breadcrumb\"},\"mainEntity\":[{\"@id\":\"https:\/\/blog.trazler.com\/fr\/2024\/09\/03\/meilleurs-hotels-all-inclusive-palma-de-majorque\/#faq-question-1725000252944\"},{\"@id\":\"https:\/\/blog.trazler.com\/fr\/2024\/09\/03\/meilleurs-hotels-all-inclusive-palma-de-majorque\/#faq-question-1725000258780\"},{\"@id\":\"https:\/\/blog.trazler.com\/fr\/2024\/09\/03\/meilleurs-hotels-all-inclusive-palma-de-majorque\/#faq-question-1725000259660\"}],\"inLanguage\":\"fr-FR\",\"potentialAction\":[{\"@type\":\"ReadAction\",\"target\":[\"https:\/\/blog.trazler.com\/fr\/2024\/09\/03\/meilleurs-hotels-all-inclusive-palma-de-majorque\/\"]}]},{\"@type\":\"ImageObject\",\"inLanguage\":\"fr-FR\",\"@id\":\"https:\/\/blog.trazler.com\/fr\/2024\/09\/03\/meilleurs-hotels-all-inclusive-palma-de-majorque\/#primaryimage\",\"url\":\"https:\/\/blog.trazler.com\/wp-content\/uploads\/2024\/08\/eugene-zhyvchik-P_nM4HIeX8Y-unsplash-1-scaled.jpg\",\"contentUrl\":\"https:\/\/blog.trazler.com\/wp-content\/uploads\/2024\/08\/eugene-zhyvchik-P_nM4HIeX8Y-unsplash-1-scaled.jpg\",\"width\":2560,\"height\":1707,\"caption\":\"Trazler vous propose une s\u00e9lection des meilleurs h\u00f4tels all inclusive \u00e0 Palma de Majorque\"},{\"@type\":\"BreadcrumbList\",\"@id\":\"https:\/\/blog.trazler.com\/fr\/2024\/09\/03\/meilleurs-hotels-all-inclusive-palma-de-majorque\/#breadcrumb\",\"itemListElement\":[{\"@type\":\"ListItem\",\"position\":1,\"name\":\"Page d'accueil\",\"item\":\"https:\/\/blog.trazler.com\/fr\/\"},{\"@type\":\"ListItem\",\"position\":2,\"name\":\"Europe\",\"item\":\"https:\/\/blog.trazler.com\/fr\/category\/europe\/\"},{\"@type\":\"ListItem\",\"position\":3,\"name\":\"Top 5\u00a0H\u00f4tels All Inclusive \u00e0 Palma de Majorque\"}]},{\"@type\":\"WebSite\",\"@id\":\"https:\/\/blog.trazler.com\/fr\/#website\",\"url\":\"https:\/\/blog.trazler.com\/fr\/\",\"name\":\"Trazler Blog\",\"description\":\"Book smart, travel simple\",\"publisher\":{\"@id\":\"https:\/\/blog.trazler.com\/fr\/#organization\"},\"alternateName\":\"Trazler travels\",\"potentialAction\":[{\"@type\":\"SearchAction\",\"target\":{\"@type\":\"EntryPoint\",\"urlTemplate\":\"https:\/\/blog.trazler.com\/fr\/?s={search_term_string}\"},\"query-input\":{\"@type\":\"PropertyValueSpecification\",\"valueRequired\":true,\"valueName\":\"search_term_string\"}}],\"inLanguage\":\"fr-FR\"},{\"@type\":\"Organization\",\"@id\":\"https:\/\/blog.trazler.com\/fr\/#organization\",\"name\":\"Trazler Blog\",\"alternateName\":\"Trazler travel\",\"url\":\"https:\/\/blog.trazler.com\/fr\/\",\"logo\":{\"@type\":\"ImageObject\",\"inLanguage\":\"fr-FR\",\"@id\":\"https:\/\/blog.trazler.com\/fr\/#\/schema\/logo\/image\/\",\"url\":\"https:\/\/blog.trazler.com\/wp-content\/uploads\/2022\/12\/Group-237718.png\",\"contentUrl\":\"https:\/\/blog.trazler.com\/wp-content\/uploads\/2022\/12\/Group-237718.png\",\"width\":262,\"height\":28,\"caption\":\"Trazler Blog\"},\"image\":{\"@id\":\"https:\/\/blog.trazler.com\/fr\/#\/schema\/logo\/image\/\"}},{\"@type\":\"Person\",\"@id\":\"https:\/\/blog.trazler.com\/fr\/#\/schema\/person\/c3cdcc8f02dcef03f0d3517174934faa\",\"name\":\"Leonie Malleville\",\"image\":{\"@type\":\"ImageObject\",\"inLanguage\":\"fr-FR\",\"@id\":\"https:\/\/blog.trazler.com\/fr\/#\/schema\/person\/image\/\",\"url\":\"https:\/\/secure.gravatar.com\/avatar\/3f4ea9adb2494082095d91ffb7bd82a0?s=96&d=mm&r=g\",\"contentUrl\":\"https:\/\/secure.gravatar.com\/avatar\/3f4ea9adb2494082095d91ffb7bd82a0?s=96&d=mm&r=g\",\"caption\":\"Leonie Malleville\"},\"description\":\"Je m\u2019appelle L\u00e9onie, et j\u2019ai une certaine exp\u00e9rience du voyage et de la vie \u00e0 l\u2019international. J\u2019aime \u00e9crire sur le sujet afin de partager les meilleurs tips pour les adeptes de l\u2019aventure !\",\"url\":\"https:\/\/blog.trazler.com\/fr\/author\/leonie\/\"},{\"@type\":\"Question\",\"@id\":\"https:\/\/blog.trazler.com\/fr\/2024\/09\/03\/meilleurs-hotels-all-inclusive-palma-de-majorque\/#faq-question-1725000252944\",\"position\":1,\"url\":\"https:\/\/blog.trazler.com\/fr\/2024\/09\/03\/meilleurs-hotels-all-inclusive-palma-de-majorque\/#faq-question-1725000252944\",\"name\":\"Que visiter \u00e0 Palma de Majorque\u00a0?\",\"answerCount\":1,\"acceptedAnswer\":{\"@type\":\"Answer\",\"text\":\"Visitez la majestueuse cath\u00e9drale La Seu, le Palais de l'Almudaina et le ch\u00e2teau de Bellver. Explorez les rues \u00e9troites de la vieille ville, ses boutiques artisanales et restaurants locaux.\",\"inLanguage\":\"fr-FR\"},\"inLanguage\":\"fr-FR\"},{\"@type\":\"Question\",\"@id\":\"https:\/\/blog.trazler.com\/fr\/2024\/09\/03\/meilleurs-hotels-all-inclusive-palma-de-majorque\/#faq-question-1725000258780\",\"position\":2,\"url\":\"https:\/\/blog.trazler.com\/fr\/2024\/09\/03\/meilleurs-hotels-all-inclusive-palma-de-majorque\/#faq-question-1725000258780\",\"name\":\"Quelles sont les plus belles plages de Palma de Majorque\u00a0?\",\"answerCount\":1,\"acceptedAnswer\":{\"@type\":\"Answer\",\"text\":\"Les plages de Palma de Majorque sont parmi les plus belles des Bal\u00e9ares, notamment Playa de\u00a0Palma, Cala Mayor ou les criques plus intimes.\",\"inLanguage\":\"fr-FR\"},\"inLanguage\":\"fr-FR\"},{\"@type\":\"Question\",\"@id\":\"https:\/\/blog.trazler.com\/fr\/2024\/09\/03\/meilleurs-hotels-all-inclusive-palma-de-majorque\/#faq-question-1725000259660\",\"position\":3,\"url\":\"https:\/\/blog.trazler.com\/fr\/2024\/09\/03\/meilleurs-hotels-all-inclusive-palma-de-majorque\/#faq-question-1725000259660\",\"name\":\"Pourquoi choisir un h\u00f4tel all inclusive \u00e0 Palma de Majorque\u00a0?\u00a0\",\"answerCount\":1,\"acceptedAnswer\":{\"@type\":\"Answer\",\"text\":\"Les h\u00f4tels all inclusive offrent une gamme compl\u00e8te de services et d\u2019activit\u00e9s pour tous les \u00e2ges et toutes les envies, afin que les visiteurs n\u2019aient \u00e0 se pr\u00e9occuper de rien et puissent profiter pleinement de leurs vacances.\",\"inLanguage\":\"fr-FR\"},\"inLanguage\":\"fr-FR\"}]}<\/script>\n<!-- \/ Yoast SEO plugin. -->","yoast_head_json":{"title":"S\u00e9lection des meilleurs h\u00f4tels all inclusive \u00e0 Palma de Majorque","description":"Trazler vous partage son top 5 des meilleurs h\u00f4tels all inclusive pour vos vacances \u00e0 Palma de Majorque","robots":{"index":"index","follow":"follow","max-snippet":"max-snippet:-1","max-image-preview":"max-image-preview:large","max-video-preview":"max-video-preview:-1"},"canonical":"https:\/\/blog.trazler.com\/fr\/2024\/09\/03\/meilleurs-hotels-all-inclusive-palma-de-majorque\/","og_locale":"fr_FR","og_type":"article","og_title":"S\u00e9lection des meilleurs h\u00f4tels all inclusive \u00e0 Palma de Majorque","og_description":"Trazler vous partage son top 5 des meilleurs h\u00f4tels all inclusive pour vos vacances \u00e0 Palma de Majorque","og_url":"https:\/\/blog.trazler.com\/fr\/2024\/09\/03\/meilleurs-hotels-all-inclusive-palma-de-majorque\/","og_site_name":"Trazler Blog","article_published_time":"2024-09-03T08:00:00+00:00","article_modified_time":"2024-09-08T10:12:36+00:00","og_image":[{"width":2560,"height":1707,"url":"https:\/\/blog.trazler.com\/wp-content\/uploads\/2024\/08\/eugene-zhyvchik-P_nM4HIeX8Y-unsplash-1-scaled.jpg","type":"image\/jpeg"}],"author":"Leonie Malleville","twitter_card":"summary_large_image","twitter_misc":{"\u00c9crit par":"Leonie Malleville","Dur\u00e9e de lecture estim\u00e9e":"9 minutes"},"schema":{"@context":"https:\/\/schema.org","@graph":[{"@type":"Article","@id":"https:\/\/blog.trazler.com\/fr\/2024\/09\/03\/meilleurs-hotels-all-inclusive-palma-de-majorque\/#article","isPartOf":{"@id":"https:\/\/blog.trazler.com\/fr\/2024\/09\/03\/meilleurs-hotels-all-inclusive-palma-de-majorque\/"},"author":{"name":"Leonie Malleville","@id":"https:\/\/blog.trazler.com\/fr\/#\/schema\/person\/c3cdcc8f02dcef03f0d3517174934faa"},"headline":"Top 5\u00a0H\u00f4tels All Inclusive \u00e0 Palma de Majorque","datePublished":"2024-09-03T08:00:00+00:00","dateModified":"2024-09-08T10:12:36+00:00","mainEntityOfPage":{"@id":"https:\/\/blog.trazler.com\/fr\/2024\/09\/03\/meilleurs-hotels-all-inclusive-palma-de-majorque\/"},"wordCount":2187,"publisher":{"@id":"https:\/\/blog.trazler.com\/fr\/#organization"},"image":{"@id":"https:\/\/blog.trazler.com\/fr\/2024\/09\/03\/meilleurs-hotels-all-inclusive-palma-de-majorque\/#primaryimage"},"thumbnailUrl":"https:\/\/blog.trazler.com\/wp-content\/uploads\/2024\/08\/eugene-zhyvchik-P_nM4HIeX8Y-unsplash-1-scaled.jpg","articleSection":["Europe"],"inLanguage":"fr-FR"},{"@type":["WebPage","FAQPage"],"@id":"https:\/\/blog.trazler.com\/fr\/2024\/09\/03\/meilleurs-hotels-all-inclusive-palma-de-majorque\/","url":"https:\/\/blog.trazler.com\/fr\/2024\/09\/03\/meilleurs-hotels-all-inclusive-palma-de-majorque\/","name":"S\u00e9lection des meilleurs h\u00f4tels all inclusive \u00e0 Palma de Majorque","isPartOf":{"@id":"https:\/\/blog.trazler.com\/fr\/#website"},"primaryImageOfPage":{"@id":"https:\/\/blog.trazler.com\/fr\/2024\/09\/03\/meilleurs-hotels-all-inclusive-palma-de-majorque\/#primaryimage"},"image":{"@id":"https:\/\/blog.trazler.com\/fr\/2024\/09\/03\/meilleurs-hotels-all-inclusive-palma-de-majorque\/#primaryimage"},"thumbnailUrl":"https:\/\/blog.trazler.com\/wp-content\/uploads\/2024\/08\/eugene-zhyvchik-P_nM4HIeX8Y-unsplash-1-scaled.jpg","datePublished":"2024-09-03T08:00:00+00:00","dateModified":"2024-09-08T10:12:36+00:00","description":"Trazler vous partage son top 5 des meilleurs h\u00f4tels all inclusive pour vos vacances \u00e0 Palma de Majorque","breadcrumb":{"@id":"https:\/\/blog.trazler.com\/fr\/2024\/09\/03\/meilleurs-hotels-all-inclusive-palma-de-majorque\/#breadcrumb"},"mainEntity":[{"@id":"https:\/\/blog.trazler.com\/fr\/2024\/09\/03\/meilleurs-hotels-all-inclusive-palma-de-majorque\/#faq-question-1725000252944"},{"@id":"https:\/\/blog.trazler.com\/fr\/2024\/09\/03\/meilleurs-hotels-all-inclusive-palma-de-majorque\/#faq-question-1725000258780"},{"@id":"https:\/\/blog.trazler.com\/fr\/2024\/09\/03\/meilleurs-hotels-all-inclusive-palma-de-majorque\/#faq-question-1725000259660"}],"inLanguage":"fr-FR","potentialAction":[{"@type":"ReadAction","target":["https:\/\/blog.trazler.com\/fr\/2024\/09\/03\/meilleurs-hotels-all-inclusive-palma-de-majorque\/"]}]},{"@type":"ImageObject","inLanguage":"fr-FR","@id":"https:\/\/blog.trazler.com\/fr\/2024\/09\/03\/meilleurs-hotels-all-inclusive-palma-de-majorque\/#primaryimage","url":"https:\/\/blog.trazler.com\/wp-content\/uploads\/2024\/08\/eugene-zhyvchik-P_nM4HIeX8Y-unsplash-1-scaled.jpg","contentUrl":"https:\/\/blog.trazler.com\/wp-content\/uploads\/2024\/08\/eugene-zhyvchik-P_nM4HIeX8Y-unsplash-1-scaled.jpg","width":2560,"height":1707,"caption":"Trazler vous propose une s\u00e9lection des meilleurs h\u00f4tels all inclusive \u00e0 Palma de Majorque"},{"@type":"BreadcrumbList","@id":"https:\/\/blog.trazler.com\/fr\/2024\/09\/03\/meilleurs-hotels-all-inclusive-palma-de-majorque\/#breadcrumb","itemListElement":[{"@type":"ListItem","position":1,"name":"Page d'accueil","item":"https:\/\/blog.trazler.com\/fr\/"},{"@type":"ListItem","position":2,"name":"Europe","item":"https:\/\/blog.trazler.com\/fr\/category\/europe\/"},{"@type":"ListItem","position":3,"name":"Top 5\u00a0H\u00f4tels All Inclusive \u00e0 Palma de Majorque"}]},{"@type":"WebSite","@id":"https:\/\/blog.trazler.com\/fr\/#website","url":"https:\/\/blog.trazler.com\/fr\/","name":"Trazler Blog","description":"Book smart, travel simple","publisher":{"@id":"https:\/\/blog.trazler.com\/fr\/#organization"},"alternateName":"Trazler travels","potentialAction":[{"@type":"SearchAction","target":{"@type":"EntryPoint","urlTemplate":"https:\/\/blog.trazler.com\/fr\/?s={search_term_string}"},"query-input":{"@type":"PropertyValueSpecification","valueRequired":true,"valueName":"search_term_string"}}],"inLanguage":"fr-FR"},{"@type":"Organization","@id":"https:\/\/blog.trazler.com\/fr\/#organization","name":"Trazler Blog","alternateName":"Trazler travel","url":"https:\/\/blog.trazler.com\/fr\/","logo":{"@type":"ImageObject","inLanguage":"fr-FR","@id":"https:\/\/blog.trazler.com\/fr\/#\/schema\/logo\/image\/","url":"https:\/\/blog.trazler.com\/wp-content\/uploads\/2022\/12\/Group-237718.png","contentUrl":"https:\/\/blog.trazler.com\/wp-content\/uploads\/2022\/12\/Group-237718.png","width":262,"height":28,"caption":"Trazler Blog"},"image":{"@id":"https:\/\/blog.trazler.com\/fr\/#\/schema\/logo\/image\/"}},{"@type":"Person","@id":"https:\/\/blog.trazler.com\/fr\/#\/schema\/person\/c3cdcc8f02dcef03f0d3517174934faa","name":"Leonie Malleville","image":{"@type":"ImageObject","inLanguage":"fr-FR","@id":"https:\/\/blog.trazler.com\/fr\/#\/schema\/person\/image\/","url":"https:\/\/secure.gravatar.com\/avatar\/3f4ea9adb2494082095d91ffb7bd82a0?s=96&d=mm&r=g","contentUrl":"https:\/\/secure.gravatar.com\/avatar\/3f4ea9adb2494082095d91ffb7bd82a0?s=96&d=mm&r=g","caption":"Leonie Malleville"},"description":"Je m\u2019appelle L\u00e9onie, et j\u2019ai une certaine exp\u00e9rience du voyage et de la vie \u00e0 l\u2019international. J\u2019aime \u00e9crire sur le sujet afin de partager les meilleurs tips pour les adeptes de l\u2019aventure !","url":"https:\/\/blog.trazler.com\/fr\/author\/leonie\/"},{"@type":"Question","@id":"https:\/\/blog.trazler.com\/fr\/2024\/09\/03\/meilleurs-hotels-all-inclusive-palma-de-majorque\/#faq-question-1725000252944","position":1,"url":"https:\/\/blog.trazler.com\/fr\/2024\/09\/03\/meilleurs-hotels-all-inclusive-palma-de-majorque\/#faq-question-1725000252944","name":"Que visiter \u00e0 Palma de Majorque\u00a0?","answerCount":1,"acceptedAnswer":{"@type":"Answer","text":"Visitez la majestueuse cath\u00e9drale La Seu, le Palais de l'Almudaina et le ch\u00e2teau de Bellver. Explorez les rues \u00e9troites de la vieille ville, ses boutiques artisanales et restaurants locaux.","inLanguage":"fr-FR"},"inLanguage":"fr-FR"},{"@type":"Question","@id":"https:\/\/blog.trazler.com\/fr\/2024\/09\/03\/meilleurs-hotels-all-inclusive-palma-de-majorque\/#faq-question-1725000258780","position":2,"url":"https:\/\/blog.trazler.com\/fr\/2024\/09\/03\/meilleurs-hotels-all-inclusive-palma-de-majorque\/#faq-question-1725000258780","name":"Quelles sont les plus belles plages de Palma de Majorque\u00a0?","answerCount":1,"acceptedAnswer":{"@type":"Answer","text":"Les plages de Palma de Majorque sont parmi les plus belles des Bal\u00e9ares, notamment Playa de\u00a0Palma, Cala Mayor ou les criques plus intimes.","inLanguage":"fr-FR"},"inLanguage":"fr-FR"},{"@type":"Question","@id":"https:\/\/blog.trazler.com\/fr\/2024\/09\/03\/meilleurs-hotels-all-inclusive-palma-de-majorque\/#faq-question-1725000259660","position":3,"url":"https:\/\/blog.trazler.com\/fr\/2024\/09\/03\/meilleurs-hotels-all-inclusive-palma-de-majorque\/#faq-question-1725000259660","name":"Pourquoi choisir un h\u00f4tel all inclusive \u00e0 Palma de Majorque\u00a0?\u00a0","answerCount":1,"acceptedAnswer":{"@type":"Answer","text":"Les h\u00f4tels all inclusive offrent une gamme compl\u00e8te de services et d\u2019activit\u00e9s pour tous les \u00e2ges et toutes les envies, afin que les visiteurs n\u2019aient \u00e0 se pr\u00e9occuper de rien et puissent profiter pleinement de leurs vacances.","inLanguage":"fr-FR"},"inLanguage":"fr-FR"}]}},"_links":{"self":[{"href":"https:\/\/blog.trazler.com\/fr\/wp-json\/wp\/v2\/posts\/6105","targetHints":{"allow":["GET"]}}],"collection":[{"href":"https:\/\/blog.trazler.com\/fr\/wp-json\/wp\/v2\/posts"}],"about":[{"href":"https:\/\/blog.trazler.com\/fr\/wp-json\/wp\/v2\/types\/post"}],"author":[{"embeddable":true,"href":"https:\/\/blog.trazler.com\/fr\/wp-json\/wp\/v2\/users\/14"}],"replies":[{"embeddable":true,"href":"https:\/\/blog.trazler.com\/fr\/wp-json\/wp\/v2\/comments?post=6105"}],"version-history":[{"count":2,"href":"https:\/\/blog.trazler.com\/fr\/wp-json\/wp\/v2\/posts\/6105\/revisions"}],"predecessor-version":[{"id":6213,"href":"https:\/\/blog.trazler.com\/fr\/wp-json\/wp\/v2\/posts\/6105\/revisions\/6213"}],"wp:featuredmedia":[{"embeddable":true,"href":"https:\/\/blog.trazler.com\/fr\/wp-json\/wp\/v2\/media\/6110"}],"wp:attachment":[{"href":"https:\/\/blog.trazler.com\/fr\/wp-json\/wp\/v2\/media?parent=6105"}],"wp:term":[{"taxonomy":"category","embeddable":true,"href":"https:\/\/blog.trazler.com\/fr\/wp-json\/wp\/v2\/categories?post=6105"},{"taxonomy":"post_tag","embeddable":true,"href":"https:\/\/blog.trazler.com\/fr\/wp-json\/wp\/v2\/tags?post=6105"}],"curies":[{"name":"wp","href":"https:\/\/api.w.org\/{rel}","templated":true}]}}