{"id":5865,"date":"2024-06-17T08:00:00","date_gmt":"2024-06-17T08:00:00","guid":{"rendered":"https:\/\/blog.trazler.com\/?p=5865"},"modified":"2024-08-27T10:23:27","modified_gmt":"2024-08-27T10:23:27","slug":"week-end-vienne","status":"publish","type":"post","link":"https:\/\/blog.trazler.com\/fr\/2024\/06\/17\/week-end-vienne\/","title":{"rendered":"Que faire pendant un week-end \u00e0 Vienne\u00a0?"},"content":{"rendered":"\n<p><strong><em>Vienne, la capitale de l&rsquo;Autriche<\/em><\/strong><em>, est une ville riche en histoire, en culture et en \u00e9l\u00e9gance. Nich\u00e9e le long des rives du majestueux <\/em><strong><em>Danube<\/em><\/strong><em>, Vienne attire les visiteurs du monde entier avec son architecture imp\u00e9riale, ses mus\u00e9es renomm\u00e9s, sa sc\u00e8ne artistique dynamique et sa tradition culinaire exceptionnelle. Que vous soyez passionn\u00e9 par l&rsquo;histoire, l&rsquo;art, la musique ou la gastronomie, <\/em><strong><em>Vienne saura vous \u00e9merveiller<\/em><\/strong><em>.<\/em><\/p>\n\n\n\n<p><em>Rythm\u00e9 par les visites des sites embl\u00e9matiques ou par les pauses dans les caf\u00e9s, votre <\/em><strong><em>voyage \u00e0 Vienne<\/em><\/strong><em> promet d&rsquo;\u00eatre une <\/em><strong><em>aventure inoubliable<\/em><\/strong><em>, une plong\u00e9e dans l&rsquo;histoire et la culture autrichiennes.<\/em><\/p>\n\n\n\n<h2 id=\"quelle-est-la-meilleure-periode-pour-visiter-vienne\" class=\"wp-block-heading\">Quelle est la meilleure p\u00e9riode pour visiter Vienne&nbsp;?<\/h2>\n\n\n\n<p>Vienne est une destination agr\u00e9able <strong>\u00e0 visiter tout au long de l&rsquo;ann\u00e9e<\/strong>. Le printemps est souvent consid\u00e9r\u00e9 comme l&rsquo;une des meilleures p\u00e9riodes pour visiter la ville. Les temp\u00e9ratures commencent \u00e0 se r\u00e9chauffer, les jardins sont en fleurs et les caf\u00e9s en plein air reprennent vie. C&rsquo;est \u00e9galement la <strong>saison des festivals et des \u00e9v\u00e9nements culturels<\/strong>.<\/p>\n\n\n\n<p>L&rsquo;\u00e9t\u00e9 est \u00e9galement appr\u00e9ciable avec ses <strong>journ\u00e9es ensoleill\u00e9es et ses soir\u00e9es douces<\/strong>, id\u00e9ales pour fl\u00e2ner dans les rues historiques ou assister \u00e0 un concert en plein air. Cependant, cette p\u00e9riode peut \u00e9galement \u00eatre assez touristique, alors pr\u00e9voyez de r\u00e9server vos visites \u00e0 l&rsquo;avance.<\/p>\n\n\n\n<p>L&rsquo;automne est une autre p\u00e9riode agr\u00e9able pour visiter Vienne, lorsque les temp\u00e9ratures commencent \u00e0 baisser, mais que les journ\u00e9es restent ensoleill\u00e9es. C&rsquo;est une p\u00e9riode id\u00e9ale pour <strong>explorer les mus\u00e9es et les galeries d&rsquo;art<\/strong>, ou pour d\u00e9guster les d\u00e9lices de la saison dans les caf\u00e9s et les restaurants.<\/p>\n\n\n\n<p>L&rsquo;hiver apporte une ambiance magique \u00e0 Vienne avec ses <strong>march\u00e9s de No\u00ebl pittoresques<\/strong> et ses rues d\u00e9cor\u00e9es de lumi\u00e8res festives. Si vous \u00eates pr\u00eat \u00e0 affronter le froid, c&rsquo;est une p\u00e9riode id\u00e9ale pour profiter des concerts classiques et des op\u00e9ras renomm\u00e9s de la ville, ainsi que pour d\u00e9guster des sp\u00e9cialit\u00e9s hivernales comme le vin chaud et les p\u00e2tisseries traditionnelles.<\/p>\n\n\n\n<h2 id=\"les-10-incontournables-de-la-capitale-autrichienne\" class=\"wp-block-heading\">Les 10&nbsp;incontournables de la capitale autrichienne<\/h2>\n\n\n\n<h3 id=\"les-palais-imperiaux-autrichiens\" class=\"wp-block-heading\">Les Palais imp\u00e9riaux autrichiens<\/h3>\n\n\n\n<p>Le <a href=\"https:\/\/www.schoenbrunn.at\/fr\/\">Palais de Sch\u00f6nbrunn<\/a>, <strong>ancienne r\u00e9sidence d&rsquo;\u00e9t\u00e9 de la famille imp\u00e9riale<\/strong> <strong>autrichienne,<\/strong> vous offre de somptueuses salles d&rsquo;apparat, des jardins baroques et son c\u00e9l\u00e8bre <strong>Zoo de Sch\u00f6nbrunn<\/strong>, le plus ancien zoo du monde.<\/p>\n\n\n\n<figure class=\"wp-block-image\"><img decoding=\"async\" src=\"https:\/\/lh7-us.googleusercontent.com\/zqiQVVENKInHXtxzpo2UIZq6rzrvM0yIvGR08CUDrktMBg-FDkc72A-c58aoNlikCfgn_hwUyEbIguhnJ_QlkW6tn5iepaT1nSyVFQ3V8cUJ0Rm8zhfTVbmXIYOjU7P5e2FZD8VCVATq8dmK9YmKdAA\" alt=\"L\u2019impressionnant Palais de Sch\u00f6nbrunn\"\/><\/figure>\n\n\n\n<p>Le <strong>Palais de Hofburg<\/strong>, r\u00e9sidence principale des Habsbourg pendant des si\u00e8cles, aux salles richement d\u00e9cor\u00e9es, regorge de surprises dont le<strong> mus\u00e9e Sisi <\/strong>d\u00e9di\u00e9e \u00e0 l&rsquo;imp\u00e9ratrice Elisabeth. Vous pourrez y admirer la c\u00e9l\u00e8bre \u00e9cole espagnole d&rsquo;\u00e9quitation.<\/p>\n\n\n\n<h3 id=\"lopera-detat-de-vienne\" class=\"wp-block-heading\">L\u2019Op\u00e9ra d&rsquo;\u00c9tat de Vienne<\/h3>\n\n\n\n<p>Assistez \u00e0 une repr\u00e9sentation \u00e0 l&rsquo;<a href=\"https:\/\/www.wiener-staatsoper.at\/en\/\">Op\u00e9ra d&rsquo;\u00c9tat de Vienne<\/a>, l&rsquo;un des <strong>op\u00e9ras les plus prestigieux au monde<\/strong>. Admirez l&rsquo;architecture majestueuse de ce b\u00e2timent embl\u00e9matique et plongez-vous dans l&rsquo;ambiance lyrique de Vienne.<\/p>\n\n\n\n<figure class=\"wp-block-image\"><img decoding=\"async\" src=\"https:\/\/lh7-us.googleusercontent.com\/jqySIH2tNyz-xrzOCoEaeUhb2umV4xykqmYluXMbvXypKJLtY6Ig2qztX_hCdkd9IC3lJyX9BUaz53QPfAZrJvsl6WOLzcYdlBXIAKsGc6YQilfh6FS9femSyAY5Raf_IzzbPJlZy85LaPiXNlvcxJA\" alt=\"L\u2019Op\u00e9ra d\u2019Etat de Vienne illumin\u00e9\"\/><\/figure>\n\n\n\n<p><\/p>\n\n\n\n<h3 id=\"cathedrale-saint-etienne\" class=\"wp-block-heading\">Cath\u00e9drale Saint-\u00c9tienne<\/h3>\n\n\n\n<p>La <strong>Cath\u00e9drale Saint-\u00c9tienne <\/strong>(<a href=\"https:\/\/stephanskirche.at\/\">Stephansdom<\/a>) est un chef-d&rsquo;\u0153uvre de l&rsquo;architecture gothique. Montez jusqu&rsquo;\u00e0 la tour sud pour profiter d&rsquo;une vue panoramique sur la ville et visitez les catacombes pour d\u00e9couvrir l&rsquo;histoire fascinante de la cath\u00e9drale.<\/p>\n\n\n\n<h3 id=\"musee-dhistoire-de-lart-et-musee-des-beaux-arts\" class=\"wp-block-heading\">Mus\u00e9e d&rsquo;histoire de l&rsquo;art et Mus\u00e9e des beaux-arts<\/h3>\n\n\n\n<p>Plongez dans l&rsquo;histoire de l&rsquo;art europ\u00e9en en visitant le <strong>Mus\u00e9e d&rsquo;histoire de l&rsquo;art et le Mus\u00e9e des beaux-arts<\/strong>, situ\u00e9s c\u00f4te \u00e0 c\u00f4te sur la c\u00e9l\u00e8bre Ringstra\u00dfe. Explorez des collections impressionnantes comprenant des chefs-d&rsquo;\u0153uvre de grands ma\u00eetres tels que Rubens, Rembrandt et Vermeer.<\/p>\n\n\n\n<h3 id=\"prater-et-la-grande-roue-de-vienne\" class=\"wp-block-heading\">Prater et la Grande Roue de Vienne<\/h3>\n\n\n\n<p>Promenez-vous dans le <strong>Prater<\/strong>, le plus grand parc de Vienne, et ne manquez pas de faire un tour sur la c\u00e9l\u00e8bre Grande Roue. Profitez d&rsquo;une vue panoramique sur la ville depuis les hauteurs de cette attraction embl\u00e9matique.<\/p>\n\n\n\n<figure class=\"wp-block-image\"><img decoding=\"async\" src=\"https:\/\/lh7-us.googleusercontent.com\/ML3JgTaDhHAtame832aNO-boFJSa4ogqns5fRl4B9PACkKxAw0xiKVGoPPl6Dt4QdQ036HMMt1cj7nyV4gq4sRotx7A3PlxNhXShXOD7PF0VmPhajWvnqtLZtgRME4Yk3AWg-LZw4zPDO1YSkCwZZ8g\" alt=\"Le Prater et sa grande roue\"\/><\/figure>\n\n\n\n<p><\/p>\n\n\n\n<h3 id=\"marches-de-vienne\" class=\"wp-block-heading\">March\u00e9s de Vienne<\/h3>\n\n\n\n<p>Fl\u00e2nez dans les march\u00e9s de Vienne, comme le <strong>Naschmarkt<\/strong>, l&rsquo;un des plus grands march\u00e9s en plein air d&rsquo;Europe. D\u00e9couvrez une multitude de stands proposant des produits locaux, des sp\u00e9cialit\u00e9s internationales, des \u00e9pices exotiques et des objets artisanaux uniques.<\/p>\n\n\n\n<h3 id=\"le-belvedere\" class=\"wp-block-heading\">Le Belv\u00e9d\u00e8re<\/h3>\n\n\n\n<p>Le <strong>Belv\u00e9d\u00e8re <\/strong>est un superbe palais baroque entour\u00e9 de jardins magnifiques. Admirez les c\u00e9l\u00e8bres \u0153uvres de Gustav Klimt, notamment \u00ab&nbsp;<a href=\"https:\/\/www.beauxarts.com\/grand-format\/les-secrets-du-plus-celebre-baiser-de-lhistoire-de-lart\/\">Le Baiser&nbsp;\u00bb<\/a> et \u00ab&nbsp;Le Baiser de Judith&nbsp;\u00bb, expos\u00e9es dans le palais sup\u00e9rieur, et explorez la riche collection d&rsquo;art autrichien du XIXe et du XXe&nbsp;si\u00e8cle.<\/p>\n\n\n\n<h3 id=\"le-ringstrase\" class=\"wp-block-heading\">Le Ringstra\u00dfe<\/h3>\n\n\n\n<p>Parcourez la c\u00e9l\u00e8bre <strong>Ringstra\u00dfe<\/strong>, une avenue circulaire bord\u00e9e de magnifiques b\u00e2timents historiques. Admirez des sites embl\u00e9matiques tels que l&rsquo;Op\u00e9ra d&rsquo;\u00c9tat, le Parlement autrichien, l&rsquo;<strong>H\u00f4tel de Ville<\/strong> et l&rsquo;Universit\u00e9 de Vienne tout en d\u00e9couvrant l&rsquo;histoire et l&rsquo;architecture de la ville.<\/p>\n\n\n\n<h3 id=\"eglise-des-capucins-et-crypte-imperiale\" class=\"wp-block-heading\">\u00c9glise des Capucins et Crypte imp\u00e9riale<\/h3>\n\n\n\n<p><strong>L&rsquo;\u00c9glise des Capucins et la Crypte imp\u00e9riale<\/strong> adjacente sont des lieux de s\u00e9pulture des membres de la famille imp\u00e9riale des Habsbourg depuis des si\u00e8cles. D\u00e9couvrez les tombes de l&#8217;empereur Fran\u00e7ois-Joseph, de l&rsquo;imp\u00e9ratrice Elisabeth (Sissi) et d&rsquo;autres membres de la dynastie.<\/p>\n\n\n\n<h3 id=\"le-musee-albertina\" class=\"wp-block-heading\">Le Mus\u00e9e Albertina<\/h3>\n\n\n\n<p>Plongez dans le monde de l&rsquo;art et de la culture au <a href=\"https:\/\/www.albertina.at\/en\/lang\/fr\/\">Mus\u00e9e Albertina<\/a>, l&rsquo;une des <strong>principales institutions culturelles de Vienne<\/strong>. Explorez une vaste collection d&rsquo;\u0153uvres graphiques, de dessins, d&rsquo;estampes et de photographies, ainsi que des expositions temporaires mettant en valeur divers aspects de l&rsquo;art et de l&rsquo;histoire.<\/p>\n\n\n\n<h2 id=\"autres-infos-utiles-pour-un-week-end-a-vienne\" class=\"wp-block-heading\">Autres infos utiles pour un week-end \u00e0 Vienne<\/h2>\n\n\n\n<h3 id=\"comment-se-deplacer-a-vienne\" class=\"wp-block-heading\">Comment se d\u00e9placer \u00e0 Vienne&nbsp;?<\/h3>\n\n\n\n<p>Vienne dispose d&rsquo;un <strong>excellent r\u00e9seau de transports en commun<\/strong>, comprenant m\u00e9tros, tramways et bus. Vous pouvez acheter des billets individuels ou opter pour des passes journaliers ou hebdomadaires pour un acc\u00e8s illimit\u00e9 \u00e0 tous les moyens de transport.<\/p>\n\n\n\n<p>La ville est \u00e9galement <strong>adapt\u00e9e aux v\u00e9los<\/strong>, avec de nombreuses pistes cyclables et un syst\u00e8me de location de v\u00e9los publics appel\u00e9 \u00ab&nbsp;<strong>Citybike Wien&nbsp;\u00bb<\/strong>. Vous pouvez louer un v\u00e9lo pour une courte dur\u00e9e et explorer la ville \u00e0 votre rythme.<\/p>\n\n\n\n<p><strong>Uber <\/strong>est disponible \u00e0 Vienne, tout comme les <strong>taxis <\/strong>traditionnels. Les taxis peuvent \u00eatre h\u00e9l\u00e9s dans la rue ou r\u00e9serv\u00e9s par t\u00e9l\u00e9phone, et ils sont g\u00e9n\u00e9ralement fiables, mais un peu plus chers que les autres options. Pour r\u00e9server votre transfert depuis l\u2019a\u00e9roport, le plus simple reste de le r\u00e9server en avance sur <a href=\"https:\/\/trazler.com\/transfers\/austria\/vienna-international-airport-vie-city-pension-stephansplatz\">Trazler<\/a>.<\/p>\n\n\n\n<h3 id=\"ou-manger-et-boire-dans-le-centre-ville-de-vienne\" class=\"wp-block-heading\">O\u00f9 manger et boire dans le centre-ville de Vienne&nbsp;?<\/h3>\n\n\n\n<p>Ne manquez pas l&rsquo;occasion de vous attabler dans l&rsquo;un des c\u00e9l\u00e8bres <strong>caf\u00e9s viennois <\/strong>pour d\u00e9guster un caf\u00e9 viennois accompagn\u00e9 d&rsquo;une p\u00e2tisserie d\u00e9licieuse. Le Caf\u00e9 Central, le Caf\u00e9 Sacher et le Caf\u00e9 Hawelka sont quelques-uns des incontournables.<\/p>\n\n\n\n<p>Go\u00fbtez aux <strong>sp\u00e9cialit\u00e9s culinaires viennoises<\/strong> dans les nombreux restaurants de la ville. Des plats comme le Wiener Schnitzel (escalope viennoise), le Tafelspitz (b\u0153uf bouilli) et le Apfelstrudel (strudel aux pommes) sont \u00e0 essayer.<\/p>\n\n\n\n<p>Enfin, ne manquez pas de go\u00fbter aux <strong>vins autrichiens<\/strong> lors de votre s\u00e9jour \u00e0 Vienne. La ville regorge de bars \u00e0 vin et de tavernes traditionnelles o\u00f9 vous pourrez d\u00e9guster une s\u00e9lection de vins blancs et rouges locaux, ainsi que des vins de dessert comme le c\u00e9l\u00e8bre Ruster Ausbruch.<\/p>\n\n\n\n<p><em>Vienne est <\/em><strong><em>bien plus qu&rsquo;une simple destination touristique<\/em><\/strong><em>. C&rsquo;est une ville o\u00f9 chaque coin de rue raconte une histoire, o\u00f9 chaque b\u00e2timent respire l&rsquo;\u00e8re imp\u00e9riale et o\u00f9 chaque concert r\u00e9sonne avec les m\u00e9lodies intemporelles de grands compositeurs.<\/em><\/p>\n\n\n\n<p><em>En choisissant <\/em><strong><em>Vienne comme prochaine destination de week-end<\/em><\/strong><em>, vous ne serez pas d\u00e9\u00e7us&nbsp;! Alors, qu\u2019attendez-vous pour r\u00e9server votre s\u00e9jour sur <\/em><a href=\"https:\/\/trazler.com\/hotels\/autriche\/vienne\"><em>Trazler<\/em><\/a><em>&nbsp;? <\/em><em>Notre plateforme vous permet de booker votre voyage de fa\u00e7on simple, <\/em><strong><em>avec tout (billets, h\u00e9bergements, transports) au m\u00eame endroit et au meilleur prix<\/em><\/strong><em>.<\/em><\/p>\n\n\n\n<div class=\"schema-faq\"><div class=\"schema-faq-section\" id=\"faq-question-1717057643665\"><strong class=\"schema-faq-question\"><strong>Faut-il un passeport pour se rendre \u00e0 Vienne\u00a0?<\/strong><\/strong> <p class=\"schema-faq-answer\">Vienne se trouve en Europe, si vous \u00eates ressortissant fran\u00e7ais, vous n\u2019avez pas besoin de passeport.<\/p> <\/div> <div class=\"schema-faq-section\" id=\"faq-question-1717057662337\"><strong class=\"schema-faq-question\"><strong>Est-il n\u00e9cessaire de parler allemand pour profiter de Vienne\u00a0?<\/strong><\/strong> <p class=\"schema-faq-answer\">Vienne est une ville cosmopolite, s\u2019il est plus ais\u00e9 de communiquer avec les locaux si vous parlez allemand, la tr\u00e8s grande majorit\u00e9 des Viennois parlent anglais.<\/p> <\/div> <div class=\"schema-faq-section\" id=\"faq-question-1717057665895\"><strong class=\"schema-faq-question\"><strong>Que manger \u00e0 Vienne\u00a0?<\/strong><\/strong> <p class=\"schema-faq-answer\">Lors de votre s\u00e9jour \u00e0 Vienne, il faut go\u00fbter le Wiener Schnitzel (escalope de veau pan\u00e9e).<\/p> <\/div> <\/div>\n","protected":false},"excerpt":{"rendered":"Vous avez envie d&rsquo;ailleurs, mais vous n&rsquo;avez pas beaucoup de temps devant vous ? D\u00e9couvrez les immanquables pour un week-end \u00e0 Vienne !\n","protected":false},"author":16,"featured_media":6082,"comment_status":"closed","ping_status":"closed","sticky":false,"template":"","format":"standard","meta":{"csco_singular_sidebar":"","csco_page_header_type":"","csco_page_load_nextpost":"","csco_post_video_location":[],"csco_post_video_url":"","csco_post_video_bg_start_time":0,"csco_post_video_bg_end_time":0,"footnotes":""},"categories":[91],"tags":[],"class_list":{"0":"post-5865","1":"post","2":"type-post","3":"status-publish","4":"format-standard","5":"has-post-thumbnail","7":"category-europe","8":"cs-entry","9":"cs-video-wrap"},"yoast_head":"<!-- This site is optimized with the Yoast SEO plugin v23.9 - https:\/\/yoast.com\/wordpress\/plugins\/seo\/ -->\n<title>Vienne en 2 jours : ce qu&#039;il ne faut pas manquer<\/title>\n<meta name=\"description\" content=\"Vous avez envie d&#039;ailleurs, mais vous n&#039;avez pas beaucoup de temps devant vous ? D\u00e9couvrez les immanquables pour un week-end \u00e0 Vienne !\" \/>\n<meta name=\"robots\" content=\"index, follow, max-snippet:-1, max-image-preview:large, max-video-preview:-1\" \/>\n<link rel=\"canonical\" href=\"https:\/\/blog.trazler.com\/fr\/2024\/06\/17\/week-end-vienne\/\" \/>\n<meta property=\"og:locale\" content=\"fr_FR\" \/>\n<meta property=\"og:type\" content=\"article\" \/>\n<meta property=\"og:title\" content=\"Vienne en 2 jours : ce qu&#039;il ne faut pas manquer\" \/>\n<meta property=\"og:description\" content=\"Vous avez envie d&#039;ailleurs, mais vous n&#039;avez pas beaucoup de temps devant vous ? D\u00e9couvrez les immanquables pour un week-end \u00e0 Vienne !\" \/>\n<meta property=\"og:url\" content=\"https:\/\/blog.trazler.com\/fr\/2024\/06\/17\/week-end-vienne\/\" \/>\n<meta property=\"og:site_name\" content=\"Trazler Blog\" \/>\n<meta property=\"article:published_time\" content=\"2024-06-17T08:00:00+00:00\" \/>\n<meta property=\"article:modified_time\" content=\"2024-08-27T10:23:27+00:00\" \/>\n<meta property=\"og:image\" content=\"https:\/\/blog.trazler.com\/wp-content\/uploads\/2024\/05\/photo-1609856878074-cf31e21ccb6b-1-1024x803.png\" \/>\n\t<meta property=\"og:image:width\" content=\"1024\" \/>\n\t<meta property=\"og:image:height\" content=\"803\" \/>\n\t<meta property=\"og:image:type\" content=\"image\/png\" \/>\n<meta name=\"author\" content=\"Eva Jouhault\" \/>\n<meta name=\"twitter:card\" content=\"summary_large_image\" \/>\n<meta name=\"twitter:label1\" content=\"\u00c9crit par\" \/>\n\t<meta name=\"twitter:data1\" content=\"Eva Jouhault\" \/>\n\t<meta name=\"twitter:label2\" content=\"Dur\u00e9e de lecture estim\u00e9e\" \/>\n\t<meta name=\"twitter:data2\" content=\"7 minutes\" \/>\n<script type=\"application\/ld+json\" class=\"yoast-schema-graph\">{\"@context\":\"https:\/\/schema.org\",\"@graph\":[{\"@type\":\"Article\",\"@id\":\"https:\/\/blog.trazler.com\/fr\/2024\/06\/17\/week-end-vienne\/#article\",\"isPartOf\":{\"@id\":\"https:\/\/blog.trazler.com\/fr\/2024\/06\/17\/week-end-vienne\/\"},\"author\":{\"name\":\"Eva Jouhault\",\"@id\":\"https:\/\/blog.trazler.com\/fr\/#\/schema\/person\/be6ef45d6ad92c6b3f4c3dffaa6b71ea\"},\"headline\":\"Que faire pendant un week-end \u00e0 Vienne\u00a0?\",\"datePublished\":\"2024-06-17T08:00:00+00:00\",\"dateModified\":\"2024-08-27T10:23:27+00:00\",\"mainEntityOfPage\":{\"@id\":\"https:\/\/blog.trazler.com\/fr\/2024\/06\/17\/week-end-vienne\/\"},\"wordCount\":1452,\"publisher\":{\"@id\":\"https:\/\/blog.trazler.com\/fr\/#organization\"},\"image\":{\"@id\":\"https:\/\/blog.trazler.com\/fr\/2024\/06\/17\/week-end-vienne\/#primaryimage\"},\"thumbnailUrl\":\"https:\/\/blog.trazler.com\/wp-content\/uploads\/2024\/06\/visite-vienne-autriche-compressed.jpg\",\"articleSection\":[\"Europe\"],\"inLanguage\":\"fr-FR\"},{\"@type\":[\"WebPage\",\"FAQPage\"],\"@id\":\"https:\/\/blog.trazler.com\/fr\/2024\/06\/17\/week-end-vienne\/\",\"url\":\"https:\/\/blog.trazler.com\/fr\/2024\/06\/17\/week-end-vienne\/\",\"name\":\"Vienne en 2 jours : ce qu'il ne faut pas manquer\",\"isPartOf\":{\"@id\":\"https:\/\/blog.trazler.com\/fr\/#website\"},\"primaryImageOfPage\":{\"@id\":\"https:\/\/blog.trazler.com\/fr\/2024\/06\/17\/week-end-vienne\/#primaryimage\"},\"image\":{\"@id\":\"https:\/\/blog.trazler.com\/fr\/2024\/06\/17\/week-end-vienne\/#primaryimage\"},\"thumbnailUrl\":\"https:\/\/blog.trazler.com\/wp-content\/uploads\/2024\/06\/visite-vienne-autriche-compressed.jpg\",\"datePublished\":\"2024-06-17T08:00:00+00:00\",\"dateModified\":\"2024-08-27T10:23:27+00:00\",\"description\":\"Vous avez envie d'ailleurs, mais vous n'avez pas beaucoup de temps devant vous ? D\u00e9couvrez les immanquables pour un week-end \u00e0 Vienne !\",\"breadcrumb\":{\"@id\":\"https:\/\/blog.trazler.com\/fr\/2024\/06\/17\/week-end-vienne\/#breadcrumb\"},\"mainEntity\":[{\"@id\":\"https:\/\/blog.trazler.com\/fr\/2024\/06\/17\/week-end-vienne\/#faq-question-1717057643665\"},{\"@id\":\"https:\/\/blog.trazler.com\/fr\/2024\/06\/17\/week-end-vienne\/#faq-question-1717057662337\"},{\"@id\":\"https:\/\/blog.trazler.com\/fr\/2024\/06\/17\/week-end-vienne\/#faq-question-1717057665895\"}],\"inLanguage\":\"fr-FR\",\"potentialAction\":[{\"@type\":\"ReadAction\",\"target\":[\"https:\/\/blog.trazler.com\/fr\/2024\/06\/17\/week-end-vienne\/\"]}]},{\"@type\":\"ImageObject\",\"inLanguage\":\"fr-FR\",\"@id\":\"https:\/\/blog.trazler.com\/fr\/2024\/06\/17\/week-end-vienne\/#primaryimage\",\"url\":\"https:\/\/blog.trazler.com\/wp-content\/uploads\/2024\/06\/visite-vienne-autriche-compressed.jpg\",\"contentUrl\":\"https:\/\/blog.trazler.com\/wp-content\/uploads\/2024\/06\/visite-vienne-autriche-compressed.jpg\",\"width\":1940,\"height\":1521,\"caption\":\"Week-end \u00e0 Vienne\"},{\"@type\":\"BreadcrumbList\",\"@id\":\"https:\/\/blog.trazler.com\/fr\/2024\/06\/17\/week-end-vienne\/#breadcrumb\",\"itemListElement\":[{\"@type\":\"ListItem\",\"position\":1,\"name\":\"Page d'accueil\",\"item\":\"https:\/\/blog.trazler.com\/fr\/\"},{\"@type\":\"ListItem\",\"position\":2,\"name\":\"Europe\",\"item\":\"https:\/\/blog.trazler.com\/fr\/category\/europe\/\"},{\"@type\":\"ListItem\",\"position\":3,\"name\":\"Que faire pendant un week-end \u00e0 Vienne\u00a0?\"}]},{\"@type\":\"WebSite\",\"@id\":\"https:\/\/blog.trazler.com\/fr\/#website\",\"url\":\"https:\/\/blog.trazler.com\/fr\/\",\"name\":\"Trazler Blog\",\"description\":\"Book smart, travel simple\",\"publisher\":{\"@id\":\"https:\/\/blog.trazler.com\/fr\/#organization\"},\"alternateName\":\"Trazler travels\",\"potentialAction\":[{\"@type\":\"SearchAction\",\"target\":{\"@type\":\"EntryPoint\",\"urlTemplate\":\"https:\/\/blog.trazler.com\/fr\/?s={search_term_string}\"},\"query-input\":{\"@type\":\"PropertyValueSpecification\",\"valueRequired\":true,\"valueName\":\"search_term_string\"}}],\"inLanguage\":\"fr-FR\"},{\"@type\":\"Organization\",\"@id\":\"https:\/\/blog.trazler.com\/fr\/#organization\",\"name\":\"Trazler Blog\",\"alternateName\":\"Trazler travel\",\"url\":\"https:\/\/blog.trazler.com\/fr\/\",\"logo\":{\"@type\":\"ImageObject\",\"inLanguage\":\"fr-FR\",\"@id\":\"https:\/\/blog.trazler.com\/fr\/#\/schema\/logo\/image\/\",\"url\":\"https:\/\/blog.trazler.com\/wp-content\/uploads\/2022\/12\/Group-237718.png\",\"contentUrl\":\"https:\/\/blog.trazler.com\/wp-content\/uploads\/2022\/12\/Group-237718.png\",\"width\":262,\"height\":28,\"caption\":\"Trazler Blog\"},\"image\":{\"@id\":\"https:\/\/blog.trazler.com\/fr\/#\/schema\/logo\/image\/\"}},{\"@type\":\"Person\",\"@id\":\"https:\/\/blog.trazler.com\/fr\/#\/schema\/person\/be6ef45d6ad92c6b3f4c3dffaa6b71ea\",\"name\":\"Eva Jouhault\",\"image\":{\"@type\":\"ImageObject\",\"inLanguage\":\"fr-FR\",\"@id\":\"https:\/\/blog.trazler.com\/fr\/#\/schema\/person\/image\/\",\"url\":\"https:\/\/secure.gravatar.com\/avatar\/70ee23909a85a2bb3887cbaf95c2a4a2?s=96&d=mm&r=g\",\"contentUrl\":\"https:\/\/secure.gravatar.com\/avatar\/70ee23909a85a2bb3887cbaf95c2a4a2?s=96&d=mm&r=g\",\"caption\":\"Eva Jouhault\"},\"description\":\"Je m\u2019appelle Eva Jouhault et j\u2019adore voyager depuis toute petite. D\u00e8s que j\u2019en ai l\u2019occasion, je pars d\u00e9couvrir le monde : mes proches se plaignent m\u00eame de ne pas me voir assez souvent. C\u2019est pourquoi, j\u2019ai saisi sans h\u00e9siter l\u2019opportunit\u00e9 d\u2019\u00e9crire pour Trazler quand elle s\u2019est pr\u00e9sent\u00e9e. Cela alliait mes deux passions, l\u2019\u00e9criture et le voyage !\",\"url\":\"https:\/\/blog.trazler.com\/fr\/author\/eva-jouhault\/\"},{\"@type\":\"Question\",\"@id\":\"https:\/\/blog.trazler.com\/fr\/2024\/06\/17\/week-end-vienne\/#faq-question-1717057643665\",\"position\":1,\"url\":\"https:\/\/blog.trazler.com\/fr\/2024\/06\/17\/week-end-vienne\/#faq-question-1717057643665\",\"name\":\"Faut-il un passeport pour se rendre \u00e0 Vienne\u00a0?\",\"answerCount\":1,\"acceptedAnswer\":{\"@type\":\"Answer\",\"text\":\"Vienne se trouve en Europe, si vous \u00eates ressortissant fran\u00e7ais, vous n\u2019avez pas besoin de passeport.\",\"inLanguage\":\"fr-FR\"},\"inLanguage\":\"fr-FR\"},{\"@type\":\"Question\",\"@id\":\"https:\/\/blog.trazler.com\/fr\/2024\/06\/17\/week-end-vienne\/#faq-question-1717057662337\",\"position\":2,\"url\":\"https:\/\/blog.trazler.com\/fr\/2024\/06\/17\/week-end-vienne\/#faq-question-1717057662337\",\"name\":\"Est-il n\u00e9cessaire de parler allemand pour profiter de Vienne\u00a0?\",\"answerCount\":1,\"acceptedAnswer\":{\"@type\":\"Answer\",\"text\":\"Vienne est une ville cosmopolite, s\u2019il est plus ais\u00e9 de communiquer avec les locaux si vous parlez allemand, la tr\u00e8s grande majorit\u00e9 des Viennois parlent anglais.\",\"inLanguage\":\"fr-FR\"},\"inLanguage\":\"fr-FR\"},{\"@type\":\"Question\",\"@id\":\"https:\/\/blog.trazler.com\/fr\/2024\/06\/17\/week-end-vienne\/#faq-question-1717057665895\",\"position\":3,\"url\":\"https:\/\/blog.trazler.com\/fr\/2024\/06\/17\/week-end-vienne\/#faq-question-1717057665895\",\"name\":\"Que manger \u00e0 Vienne\u00a0?\",\"answerCount\":1,\"acceptedAnswer\":{\"@type\":\"Answer\",\"text\":\"Lors de votre s\u00e9jour \u00e0 Vienne, il faut go\u00fbter le Wiener Schnitzel (escalope de veau pan\u00e9e).\",\"inLanguage\":\"fr-FR\"},\"inLanguage\":\"fr-FR\"}]}<\/script>\n<!-- \/ Yoast SEO plugin. -->","yoast_head_json":{"title":"Vienne en 2 jours : ce qu'il ne faut pas manquer","description":"Vous avez envie d'ailleurs, mais vous n'avez pas beaucoup de temps devant vous ? D\u00e9couvrez les immanquables pour un week-end \u00e0 Vienne !","robots":{"index":"index","follow":"follow","max-snippet":"max-snippet:-1","max-image-preview":"max-image-preview:large","max-video-preview":"max-video-preview:-1"},"canonical":"https:\/\/blog.trazler.com\/fr\/2024\/06\/17\/week-end-vienne\/","og_locale":"fr_FR","og_type":"article","og_title":"Vienne en 2 jours : ce qu'il ne faut pas manquer","og_description":"Vous avez envie d'ailleurs, mais vous n'avez pas beaucoup de temps devant vous ? D\u00e9couvrez les immanquables pour un week-end \u00e0 Vienne !","og_url":"https:\/\/blog.trazler.com\/fr\/2024\/06\/17\/week-end-vienne\/","og_site_name":"Trazler Blog","article_published_time":"2024-06-17T08:00:00+00:00","article_modified_time":"2024-08-27T10:23:27+00:00","og_image":[{"width":1024,"height":803,"url":"https:\/\/blog.trazler.com\/wp-content\/uploads\/2024\/05\/photo-1609856878074-cf31e21ccb6b-1-1024x803.png","type":"image\/png"}],"author":"Eva Jouhault","twitter_card":"summary_large_image","twitter_misc":{"\u00c9crit par":"Eva Jouhault","Dur\u00e9e de lecture estim\u00e9e":"7 minutes"},"schema":{"@context":"https:\/\/schema.org","@graph":[{"@type":"Article","@id":"https:\/\/blog.trazler.com\/fr\/2024\/06\/17\/week-end-vienne\/#article","isPartOf":{"@id":"https:\/\/blog.trazler.com\/fr\/2024\/06\/17\/week-end-vienne\/"},"author":{"name":"Eva Jouhault","@id":"https:\/\/blog.trazler.com\/fr\/#\/schema\/person\/be6ef45d6ad92c6b3f4c3dffaa6b71ea"},"headline":"Que faire pendant un week-end \u00e0 Vienne\u00a0?","datePublished":"2024-06-17T08:00:00+00:00","dateModified":"2024-08-27T10:23:27+00:00","mainEntityOfPage":{"@id":"https:\/\/blog.trazler.com\/fr\/2024\/06\/17\/week-end-vienne\/"},"wordCount":1452,"publisher":{"@id":"https:\/\/blog.trazler.com\/fr\/#organization"},"image":{"@id":"https:\/\/blog.trazler.com\/fr\/2024\/06\/17\/week-end-vienne\/#primaryimage"},"thumbnailUrl":"https:\/\/blog.trazler.com\/wp-content\/uploads\/2024\/06\/visite-vienne-autriche-compressed.jpg","articleSection":["Europe"],"inLanguage":"fr-FR"},{"@type":["WebPage","FAQPage"],"@id":"https:\/\/blog.trazler.com\/fr\/2024\/06\/17\/week-end-vienne\/","url":"https:\/\/blog.trazler.com\/fr\/2024\/06\/17\/week-end-vienne\/","name":"Vienne en 2 jours : ce qu'il ne faut pas manquer","isPartOf":{"@id":"https:\/\/blog.trazler.com\/fr\/#website"},"primaryImageOfPage":{"@id":"https:\/\/blog.trazler.com\/fr\/2024\/06\/17\/week-end-vienne\/#primaryimage"},"image":{"@id":"https:\/\/blog.trazler.com\/fr\/2024\/06\/17\/week-end-vienne\/#primaryimage"},"thumbnailUrl":"https:\/\/blog.trazler.com\/wp-content\/uploads\/2024\/06\/visite-vienne-autriche-compressed.jpg","datePublished":"2024-06-17T08:00:00+00:00","dateModified":"2024-08-27T10:23:27+00:00","description":"Vous avez envie d'ailleurs, mais vous n'avez pas beaucoup de temps devant vous ? D\u00e9couvrez les immanquables pour un week-end \u00e0 Vienne !","breadcrumb":{"@id":"https:\/\/blog.trazler.com\/fr\/2024\/06\/17\/week-end-vienne\/#breadcrumb"},"mainEntity":[{"@id":"https:\/\/blog.trazler.com\/fr\/2024\/06\/17\/week-end-vienne\/#faq-question-1717057643665"},{"@id":"https:\/\/blog.trazler.com\/fr\/2024\/06\/17\/week-end-vienne\/#faq-question-1717057662337"},{"@id":"https:\/\/blog.trazler.com\/fr\/2024\/06\/17\/week-end-vienne\/#faq-question-1717057665895"}],"inLanguage":"fr-FR","potentialAction":[{"@type":"ReadAction","target":["https:\/\/blog.trazler.com\/fr\/2024\/06\/17\/week-end-vienne\/"]}]},{"@type":"ImageObject","inLanguage":"fr-FR","@id":"https:\/\/blog.trazler.com\/fr\/2024\/06\/17\/week-end-vienne\/#primaryimage","url":"https:\/\/blog.trazler.com\/wp-content\/uploads\/2024\/06\/visite-vienne-autriche-compressed.jpg","contentUrl":"https:\/\/blog.trazler.com\/wp-content\/uploads\/2024\/06\/visite-vienne-autriche-compressed.jpg","width":1940,"height":1521,"caption":"Week-end \u00e0 Vienne"},{"@type":"BreadcrumbList","@id":"https:\/\/blog.trazler.com\/fr\/2024\/06\/17\/week-end-vienne\/#breadcrumb","itemListElement":[{"@type":"ListItem","position":1,"name":"Page d'accueil","item":"https:\/\/blog.trazler.com\/fr\/"},{"@type":"ListItem","position":2,"name":"Europe","item":"https:\/\/blog.trazler.com\/fr\/category\/europe\/"},{"@type":"ListItem","position":3,"name":"Que faire pendant un week-end \u00e0 Vienne\u00a0?"}]},{"@type":"WebSite","@id":"https:\/\/blog.trazler.com\/fr\/#website","url":"https:\/\/blog.trazler.com\/fr\/","name":"Trazler Blog","description":"Book smart, travel simple","publisher":{"@id":"https:\/\/blog.trazler.com\/fr\/#organization"},"alternateName":"Trazler travels","potentialAction":[{"@type":"SearchAction","target":{"@type":"EntryPoint","urlTemplate":"https:\/\/blog.trazler.com\/fr\/?s={search_term_string}"},"query-input":{"@type":"PropertyValueSpecification","valueRequired":true,"valueName":"search_term_string"}}],"inLanguage":"fr-FR"},{"@type":"Organization","@id":"https:\/\/blog.trazler.com\/fr\/#organization","name":"Trazler Blog","alternateName":"Trazler travel","url":"https:\/\/blog.trazler.com\/fr\/","logo":{"@type":"ImageObject","inLanguage":"fr-FR","@id":"https:\/\/blog.trazler.com\/fr\/#\/schema\/logo\/image\/","url":"https:\/\/blog.trazler.com\/wp-content\/uploads\/2022\/12\/Group-237718.png","contentUrl":"https:\/\/blog.trazler.com\/wp-content\/uploads\/2022\/12\/Group-237718.png","width":262,"height":28,"caption":"Trazler Blog"},"image":{"@id":"https:\/\/blog.trazler.com\/fr\/#\/schema\/logo\/image\/"}},{"@type":"Person","@id":"https:\/\/blog.trazler.com\/fr\/#\/schema\/person\/be6ef45d6ad92c6b3f4c3dffaa6b71ea","name":"Eva Jouhault","image":{"@type":"ImageObject","inLanguage":"fr-FR","@id":"https:\/\/blog.trazler.com\/fr\/#\/schema\/person\/image\/","url":"https:\/\/secure.gravatar.com\/avatar\/70ee23909a85a2bb3887cbaf95c2a4a2?s=96&d=mm&r=g","contentUrl":"https:\/\/secure.gravatar.com\/avatar\/70ee23909a85a2bb3887cbaf95c2a4a2?s=96&d=mm&r=g","caption":"Eva Jouhault"},"description":"Je m\u2019appelle Eva Jouhault et j\u2019adore voyager depuis toute petite. D\u00e8s que j\u2019en ai l\u2019occasion, je pars d\u00e9couvrir le monde : mes proches se plaignent m\u00eame de ne pas me voir assez souvent. C\u2019est pourquoi, j\u2019ai saisi sans h\u00e9siter l\u2019opportunit\u00e9 d\u2019\u00e9crire pour Trazler quand elle s\u2019est pr\u00e9sent\u00e9e. Cela alliait mes deux passions, l\u2019\u00e9criture et le voyage !","url":"https:\/\/blog.trazler.com\/fr\/author\/eva-jouhault\/"},{"@type":"Question","@id":"https:\/\/blog.trazler.com\/fr\/2024\/06\/17\/week-end-vienne\/#faq-question-1717057643665","position":1,"url":"https:\/\/blog.trazler.com\/fr\/2024\/06\/17\/week-end-vienne\/#faq-question-1717057643665","name":"Faut-il un passeport pour se rendre \u00e0 Vienne\u00a0?","answerCount":1,"acceptedAnswer":{"@type":"Answer","text":"Vienne se trouve en Europe, si vous \u00eates ressortissant fran\u00e7ais, vous n\u2019avez pas besoin de passeport.","inLanguage":"fr-FR"},"inLanguage":"fr-FR"},{"@type":"Question","@id":"https:\/\/blog.trazler.com\/fr\/2024\/06\/17\/week-end-vienne\/#faq-question-1717057662337","position":2,"url":"https:\/\/blog.trazler.com\/fr\/2024\/06\/17\/week-end-vienne\/#faq-question-1717057662337","name":"Est-il n\u00e9cessaire de parler allemand pour profiter de Vienne\u00a0?","answerCount":1,"acceptedAnswer":{"@type":"Answer","text":"Vienne est une ville cosmopolite, s\u2019il est plus ais\u00e9 de communiquer avec les locaux si vous parlez allemand, la tr\u00e8s grande majorit\u00e9 des Viennois parlent anglais.","inLanguage":"fr-FR"},"inLanguage":"fr-FR"},{"@type":"Question","@id":"https:\/\/blog.trazler.com\/fr\/2024\/06\/17\/week-end-vienne\/#faq-question-1717057665895","position":3,"url":"https:\/\/blog.trazler.com\/fr\/2024\/06\/17\/week-end-vienne\/#faq-question-1717057665895","name":"Que manger \u00e0 Vienne\u00a0?","answerCount":1,"acceptedAnswer":{"@type":"Answer","text":"Lors de votre s\u00e9jour \u00e0 Vienne, il faut go\u00fbter le Wiener Schnitzel (escalope de veau pan\u00e9e).","inLanguage":"fr-FR"},"inLanguage":"fr-FR"}]}},"_links":{"self":[{"href":"https:\/\/blog.trazler.com\/fr\/wp-json\/wp\/v2\/posts\/5865","targetHints":{"allow":["GET"]}}],"collection":[{"href":"https:\/\/blog.trazler.com\/fr\/wp-json\/wp\/v2\/posts"}],"about":[{"href":"https:\/\/blog.trazler.com\/fr\/wp-json\/wp\/v2\/types\/post"}],"author":[{"embeddable":true,"href":"https:\/\/blog.trazler.com\/fr\/wp-json\/wp\/v2\/users\/16"}],"replies":[{"embeddable":true,"href":"https:\/\/blog.trazler.com\/fr\/wp-json\/wp\/v2\/comments?post=5865"}],"version-history":[{"count":3,"href":"https:\/\/blog.trazler.com\/fr\/wp-json\/wp\/v2\/posts\/5865\/revisions"}],"predecessor-version":[{"id":5918,"href":"https:\/\/blog.trazler.com\/fr\/wp-json\/wp\/v2\/posts\/5865\/revisions\/5918"}],"wp:featuredmedia":[{"embeddable":true,"href":"https:\/\/blog.trazler.com\/fr\/wp-json\/wp\/v2\/media\/6082"}],"wp:attachment":[{"href":"https:\/\/blog.trazler.com\/fr\/wp-json\/wp\/v2\/media?parent=5865"}],"wp:term":[{"taxonomy":"category","embeddable":true,"href":"https:\/\/blog.trazler.com\/fr\/wp-json\/wp\/v2\/categories?post=5865"},{"taxonomy":"post_tag","embeddable":true,"href":"https:\/\/blog.trazler.com\/fr\/wp-json\/wp\/v2\/tags?post=5865"}],"curies":[{"name":"wp","href":"https:\/\/api.w.org\/{rel}","templated":true}]}}