{"id":5857,"date":"2024-06-24T08:00:00","date_gmt":"2024-06-24T08:00:00","guid":{"rendered":"https:\/\/blog.trazler.com\/?p=5857"},"modified":"2024-08-27T10:30:22","modified_gmt":"2024-08-27T10:30:22","slug":"conseils-organiser-sejour-famille-la-reunion","status":"publish","type":"post","link":"https:\/\/blog.trazler.com\/fr\/2024\/06\/24\/conseils-organiser-sejour-famille-la-reunion\/","title":{"rendered":"15 jours sur l\u2019\u00eele de La R\u00e9union en famille"},"content":{"rendered":"\n<p><em>Vous cherchez un endroit paradisiaque o\u00f9 <\/em><strong><em>passer vos prochaines vacances de r\u00eaves en famille&nbsp;<\/em><\/strong><em>? <\/em><strong><em>La R\u00e9union<\/em><\/strong><em> est la destination id\u00e9ale&nbsp;!<\/em><\/p>\n\n\n\n<p><em>\u00c0 11h de vol de la m\u00e9tropole, cette \u00eele paradisiaque regorge de <\/em><strong><em>richesses gastronomiques et culturelles <\/em><\/strong><em>et de paysages \u00e0 couper le souffle. Vous trouverez sur place une multitude d\u2019options pour vous divertir ou simplement vous reposer. L\u2019offre touristique de <\/em><strong><em>La R\u00e9union<\/em><\/strong><em> s\u00e9duit les adultes comme les plus petits.<\/em><\/p>\n\n\n\n<p><em>Voici notre guide pour<\/em><strong><em> organiser le meilleur s\u00e9jour de votre vie<\/em><\/strong><em> sur cet archipel fran\u00e7ais aux multiples facettes.&nbsp;&nbsp;<\/em><\/p>\n\n\n\n<h2 id=\"tout-savoir-sur-lile-de-la-reunion\" class=\"wp-block-heading\">Tout savoir sur l\u2019\u00eele de la R\u00e9union&nbsp;<\/h2>\n\n\n\n<p><strong>L\u2019\u00eele de La R\u00e9union est un d\u00e9partement fran\u00e7ais <\/strong>situ\u00e9 dans l\u2019oc\u00e9an Indien. D\u2019une superficie de 2500&nbsp;km\u00b2, il abrite plus de 800\u2009000&nbsp;habitants qui cultivent un patrimoine et une identit\u00e9 singuli\u00e8re.<\/p>\n\n\n\n<p>L\u2019\u00eele volcanique de <strong>La R\u00e9union fascine pour sa faune et sa flore sauvage<\/strong> et accueille chaque ann\u00e9e plus de<a href=\"https:\/\/observatoire.reunion.fr\/system\/files\/2023-10\/EFT%20S1%202023_2.pdf\"> 400\u2009000&nbsp;touristes<\/a>. Le tr\u00e8s c\u00e9l\u00e8bre<strong> Piton de la Fournaise<\/strong> est l\u2019un des volcans les plus actifs du monde, sa<a href=\"https:\/\/fournaise.info\/les-eruptions-du-piton-de-la-fournaise\/\"> derni\u00e8re \u00e9ruption<\/a> date d\u2019ao\u00fbt 2023.<\/p>\n\n\n\n<p>La R\u00e9union culmine \u00e0 plus de 3000&nbsp;m d\u2019altitude au niveau du <strong>Piton des Neiges<\/strong>, aussi appel\u00e9 \u00ab&nbsp;le toit de l\u2019oc\u00e9an Indien&nbsp;\u00bb.<\/p>\n\n\n\n<p>L\u2019archipel fran\u00e7ais s\u00e9duit les sportifs venus arpenter ses sentiers et ses volcans, mais aussi <strong>les couples et les familles, venus explorer l\u2019\u00eele et se d\u00e9tendre.<\/strong> Une destination d\u00e9paysante et pleine de promesses, \u00e0 d\u00e9couvrir avec ses enfants.<\/p>\n\n\n\n<h2 id=\"que-faire-en-famille-sur-lile-de-la-reunion\" class=\"wp-block-heading\">Que faire en famille sur l\u2019\u00eele de La R\u00e9union&nbsp;?&nbsp;<\/h2>\n\n\n\n<h3 id=\"les-villes-a-voir-absolument-a-la-reunion\" class=\"wp-block-heading\">Les villes \u00e0 voir absolument \u00e0 La R\u00e9union<\/h3>\n\n\n\n<p>Vous devez absolument<strong> visiter Saint-Denis, la capitale (ou chef-lieu) de La R\u00e9union<\/strong>. Ne passez pas \u00e0 c\u00f4t\u00e9 de sa cath\u00e9drale et de ses jardins datant du XIX\u00e8me&nbsp;si\u00e8cle. Laissez-vous bercer par <strong>les odeurs et couleurs de la ville<\/strong> en vous perdant dans les petites ruelles, <a href=\"https:\/\/blog.trazler.com\/fr\/2024\/02\/13\/destinations-reve-evasion-vacances-ete\/\">\u00e9vasion<\/a> garantie.<\/p>\n\n\n\n<p>Dans l<strong>e sud de l\u2019\u00eele, l\u2019h\u00e9ritage de l\u2019\u00e9poque coloniale<\/strong> ravira les f\u00e9rus d\u2019Histoire. \u00c0 <strong>Saint-Pierre<\/strong>, l\u2019ancien H\u00f4tel de Ville, l\u2019ancienne gare et la<a href=\"https:\/\/mediatheque.saintpierre.re\/\"> m\u00e9diath\u00e8que Raphael Barquissau<\/a> datent de l\u2019\u00e9poque de la Compagnie fran\u00e7aise des Indes. Des sites \u00e0 ne pas manquer&nbsp;!<\/p>\n\n\n\n<p>Enfin, le spot id\u00e9al pour <strong>prendre de belles photos en famille reste<\/strong><a href=\"https:\/\/saint-gilles.fr\/port-de-plaisance\"><strong> <\/strong><strong>le port de Saint-Gilles<\/strong><\/a> dans le nord-ouest de l\u2019\u00eele. Vous pouvez m\u00eame en profiter pour organiser une petite croisi\u00e8re en mer.<\/p>\n\n\n\n<h3 id=\"les-plus-belles-plages-de-lile-de-la-reunion\" class=\"wp-block-heading\">&nbsp;Les plus belles plages de l\u2019\u00eele de La R\u00e9union<\/h3>\n\n\n\n<p>La <strong>plage de l\u2019Ermitage<\/strong> situ\u00e9e sur la c\u00f4te occidentale<strong> <\/strong>est la plus c\u00e9l\u00e8bre de l\u2019\u00eele. Avec son eau cristalline, ses palmiers par dizaines et son sable blanc, elle vous offre un<strong> paysage de carte postale<\/strong>. Pensez \u00e0 arriver t\u00f4t, car le lieu est tr\u00e8s pris\u00e9 par les touristes et locaux qui souhaitent profiter d\u2019un apr\u00e8s-midi farniente.<\/p>\n\n\n\n<figure class=\"wp-block-image\"><img decoding=\"async\" src=\"https:\/\/lh7-us.googleusercontent.com\/docsz\/AD_4nXe86yF_r7RY8X5jBkUKD-zbb0FpDyj_vZk1FXmmFGrYeIdJ-pC-IR3SWmEr23so83wmGkOkh6pMPCiVAGO0g9z0dmpMA8LlTulH4VrMo7zoOnYtyPI8gcAiPaNGuK5IwkhXMSqVvZo9nfOna5Cj6tXYCjb9?key=bGHkigc4xsMZa-xXgzQG5A\" alt=\"La plage de l\u2019Ermitage \u00e0 La R\u00e9union\"\/><\/figure>\n\n\n\n<p>Si vous avez des ados, rendez-vous sur <strong>la plage de Boucan Canot.<\/strong> C\u2019est le lieu de rencontre des <strong>jeunes et groupes d\u2019amis <\/strong>venus pratiquer du volley, du surf ou d\u2019autres sports nautiques. Il s\u2019agit aussi d\u2019une plage de sable blanc, mais dans <strong>un \u00e9crin plus sauvage et authentique<\/strong> que l\u2019Ermitage.<\/p>\n\n\n\n<p>N\u00e9anmoins, les amateurs de plage de sable noir ne seront pas en reste \u00e0 La R\u00e9union. <strong>Les plages de l\u2019Etang-sal\u00e9 ou du Tremblet <\/strong>sont certes moins instagrammables, mais vous permettent <strong>d\u2019admirer le coucher du soleil en toute tranquillit\u00e9.<\/strong><\/p>\n\n\n\n<h3 id=\"les-randonnees-incontournables-de-la-reunion\" class=\"wp-block-heading\">Les randonn\u00e9es incontournables de La R\u00e9union&nbsp;<\/h3>\n\n\n\n<p>La R\u00e9union est aussi connue pour <strong>ses randonn\u00e9es \u00e0 couper le souffle <\/strong>: les sportifs comme les novices y trouvent leur bonheur&nbsp;! Renseignez-vous bien en amont,<strong> certains circuits sont r\u00e9serv\u00e9s aux randonneurs aguerris<\/strong> et se destinent moins aux enfants.<\/p>\n\n\n\n<p>Les <strong>cirques de Mafate et de Salazie<\/strong> sont par exemple assez difficiles d\u2019acc\u00e8s.<strong> Pr\u00e9f\u00e9rez le Cirque de Cilaos <\/strong>: vous pouvez vous y rendre en bus et vous promener sur des terrains plats au sommet.<\/p>\n\n\n\n<figure class=\"wp-block-image\"><img decoding=\"async\" src=\"https:\/\/lh7-us.googleusercontent.com\/docsz\/AD_4nXeizCojADH1-nXiEGjYwD1iJHk20DYM7h0bhLnFjapg-vrKbI5kSWPV0jTnoom6OQNI-3khe7mc93V8f17CIz5wDLNhJloZb6YJV4C2qdOtNY3OXqofksSTZoAodI7VoFMzF8cUHaR0Ves85eYeKmPEFoAi?key=bGHkigc4xsMZa-xXgzQG5A\" alt=\"Les plus beaux volcans de La R\u00e9union\"\/><\/figure>\n\n\n\n<p>Voici notre <strong>top&nbsp;5 des randonn\u00e9es \u00e0 faire en famille<\/strong> :<\/p>\n\n\n\n<h4 id=\"la-boucle-de-la-plaine-des-sables-au-petit-cratere-du-piton-hay\" class=\"wp-block-heading\">La boucle de la plaine des Sables au petit Crat\u00e8re du Piton Hay&nbsp;<\/h4>\n\n\n\n<ol class=\"wp-block-list\">\n<li><\/li>\n<\/ol>\n\n\n\n<p>Cette boucle de 10&nbsp;km vous permet de <strong>gravir 3&nbsp;pitons en empruntant des pentes douces<\/strong>. C\u2019est un excellent \u00e9chauffement si vous souhaitez poursuivre par l\u2019ascension du<a href=\"https:\/\/fournaise.info\/la-fournaise\/\"> Piton de la Fournaise<\/a>. Attention cependant, cette seconde randonn\u00e9e de 5h peut \u00eatre difficile pour les tr\u00e8s jeunes enfants.<\/p>\n\n\n\n<h4 id=\"le-tour-de-la-plaine-des-sables\" class=\"wp-block-heading\">Le tour de la plaine des Sables<\/h4>\n\n\n\n<ol start=\"2\" class=\"wp-block-list\">\n<li><\/li>\n<\/ol>\n\n\n\n<p>Cette boucle \u00e0 r\u00e9aliser hors sentier vous permet de <strong>cheminer sur des terrains plats en admirant de beaux panoramas<\/strong>. Vous pouvez \u00e9galement la parcourir en VTT \u00e9lectrique, \u00e0 partir de 10&nbsp;ans pour les enfants.<\/p>\n\n\n\n<h4 id=\"la-grande-fontaine-jusquau-bassin-sandrine\" class=\"wp-block-heading\">La Grande Fontaine jusqu\u2019au bassin Sandrine<\/h4>\n\n\n\n<ol start=\"3\" class=\"wp-block-list\">\n<li><\/li>\n<\/ol>\n\n\n\n<p>Cette <strong>randonn\u00e9e de 2h30 est parfaite pour les enfants,<\/strong> car elle aborde un chemin pav\u00e9 : le chemin Charrette de b\u0153uf tr\u00e8s facile \u00e0 pratiquer. Situ\u00e9e<strong> \u00e0 proximit\u00e9 de la ville de Saint-Paul<\/strong>, vous pouvez faire d\u2019une pierre deux coups et d\u00e9couvrir l\u2019architecture locale.<\/p>\n\n\n\n<h4 id=\"la-ravine-balthazar-a-la-possession\" class=\"wp-block-heading\">La Ravine Balthazar \u00e0 La Possession<\/h4>\n\n\n\n<ol start=\"4\" class=\"wp-block-list\">\n<li><\/li>\n<\/ol>\n\n\n\n<p>Cette <strong>petite marche de 5&nbsp;km<\/strong> commence dans la petite ville anim\u00e9e de La Possession. Elle se poursuit sur les berges de La Ravine Balthazar, en plein milieu d\u2019une nature luxuriante.<\/p>\n\n\n\n<h4 id=\"la-cascade-jacqueline\" class=\"wp-block-heading\">La cascade Jacqueline<\/h4>\n\n\n\n<ol start=\"5\" class=\"wp-block-list\">\n<li><\/li>\n<\/ol>\n\n\n\n<p>Impossible de passer \u00e0 c\u00f4t\u00e9 des cascades r\u00e9unionnaises. Cette <strong>randonn\u00e9e de moins de 4&nbsp;km dans le sud de l\u2019\u00eele<\/strong> vous permet de franchir la rivi\u00e8re Langevin en passant sous la cascade Jacqueline. Un vrai bonheur en cas de fortes chaleurs.<\/p>\n\n\n\n<h3 id=\"gouter-a-la-gastronomie-reunionnaise\" class=\"wp-block-heading\">Go\u00fbter \u00e0 la gastronomie r\u00e9unionnaise<\/h3>\n\n\n\n<p>La R\u00e9union, c\u2019est aussi une <strong>gastronomie riche, \u00e9pic\u00e9e, color\u00e9e <\/strong>dont raffolent les m\u00e9tropolitains et les \u00e9trangers. Elle vous en mettra plein la vue et les papilles. Vous ne pouvez pas repartir sans avoir <strong>go\u00fbt\u00e9 au fameux Rougail saucisse, aux bouchons ou aux fruits locaux<\/strong>.<\/p>\n\n\n\n<p>On vous recommande de <strong>fl\u00e2ner dans les march\u00e9s locaux <\/strong>pour acheter vos produits. Le<a href=\"https:\/\/guide-reunion.fr\/tourisme-loisirs\/interet\/marches\/marche-saint-paul\/\"> march\u00e9 de Saint-Paul<\/a> est le plus connu, il est ouvert le vendredi toute la journ\u00e9e et le samedi matin. Vous y trouverez \u00e9galement des souvenirs pour toute la famille et de la vanille de Madagascar \u00e0 bon prix.<\/p>\n\n\n\n<h3 id=\"les-activites-aquatiques-pour-les-enfants-et-pour-les-parents\" class=\"wp-block-heading\">Les activit\u00e9s aquatiques pour les enfants et pour les parents&nbsp;<\/h3>\n\n\n\n<p>Les joyaux de La R\u00e9union se cachent aussi sous l\u2019oc\u00e9an. Entre juin et octobre, vous pouvez r\u00e9server une excursion en bateau pour <strong>observer les baleines.<\/strong> Ce spectacle laissera des <strong>souvenirs imp\u00e9rissables \u00e0 vos enfants.<\/strong> Soyez tout de m\u00eame attentif aux prestataires qui vous accompagnent : pr\u00e9f\u00e9rez des professionnels locaux qui respectent les mammif\u00e8res marins.<\/p>\n\n\n\n<p>Votre <strong>s\u00e9jour \u00e0 La R\u00e9union<\/strong> est aussi l\u2019occasion pour vos enfants de<strong> r\u00e9aliser leur bapt\u00eame de plong\u00e9e. <\/strong>Certains spots sont peu profonds et adapt\u00e9s aux d\u00e9butants, comme le Cap de La Houssaye. Cette activit\u00e9 permet de <strong>plonger au c\u0153ur de la vie marine <\/strong>et de d\u00e9couvrir la faune et la flore qui s\u2019y cachent.<\/p>\n\n\n\n<p>Le canyoning est un excellent moyen de <strong>faire du sport les pieds dans l\u2019eau <\/strong>tout en profitant des paysages r\u00e9unionnais. Le canyon bras rouge ou la rivi\u00e8re Langevin sont plut\u00f4t destin\u00e9s aux randonneurs en herbe et aux enfants.<\/p>\n\n\n\n<h2 id=\"nos-conseils-pratiques-pour-un-sejour-a-la-reunion-en-famille\" class=\"wp-block-heading\">Nos conseils pratiques pour un s\u00e9jour \u00e0 La R\u00e9union en famille<\/h2>\n\n\n\n<h3 id=\"quand-partir-a-la-reunion\" class=\"wp-block-heading\">Quand partir \u00e0 La R\u00e9union&nbsp;?&nbsp;<\/h3>\n\n\n\n<p>La r\u00e9union b\u00e9n\u00e9ficiant d\u2019un <strong>climat tropical<\/strong>, on vous recommande donc de <strong>partir pendant la saison s\u00e8che. <\/strong>Elle s\u2019\u00e9tend <strong>de mai \u00e0 novembre<\/strong> et vous permet de profiter de journ\u00e9es ensoleill\u00e9es et de temp\u00e9ratures allant de 21\u00b0 \u00e0 28\u00b0.<\/p>\n\n\n\n<p>Pendant la saison des pluies,<strong> les temp\u00e9ratures grimpent encore et le climat est lourd<\/strong>. Ce n\u2019est pas l\u2019id\u00e9al pour profiter pleinement de vos activit\u00e9s en ext\u00e9rieur.<\/p>\n\n\n\n<p>Si vous pouvez vous le permettre, <strong>l\u2019id\u00e9al est de partir entre octobre et d\u00e9cembre hors saison scolaire.<\/strong> Pendant cette p\u00e9riode, la nature vous d\u00e9voile toute sa beaut\u00e9 et vous profitez d\u2019une eau \u00e0 plus de 20\u00b0. C\u2019est l\u2019occasion r\u00eav\u00e9e de passer<a href=\"https:\/\/blog.trazler.com\/fr\/2023\/12\/14\/decembre-au-soleil\/\"> un hiver sous le soleil<\/a>.<\/p>\n\n\n\n<h3 id=\"ou-loger-a-la-reunion\" class=\"wp-block-heading\">O\u00f9 loger \u00e0 la R\u00e9union&nbsp;?&nbsp;<\/h3>\n\n\n\n<p>Pour acc\u00e9der \u00e0 toutes les commodit\u00e9s, il est pr\u00e9f\u00e9rable de <strong>loger dans une des 3&nbsp;principales villes <\/strong>de La R\u00e9union : Saint-Denis, Saint-Pierre ou Saint-Gilles.<\/p>\n\n\n\n<p>Les <strong>voyageurs Trazler recommandent la Villa Ang\u00e9lique<\/strong> situ\u00e9e \u00e0 Saint-Denis. Cet h\u00f4tel 4 \u00e9toiles propose des chambres spacieuses tr\u00e8s bien \u00e9quip\u00e9es : t\u00e9l\u00e9 minibar, essentiel de toilette\u2026 Le personnel est aux petits soins et vous accueille en fran\u00e7ais, en anglais, en espagnol ou en allemand. Tout ce qu\u2019il faut pour <strong>voyager en famille l\u2019esprit l\u00e9ger.<\/strong><\/p>\n\n\n\n<figure class=\"wp-block-image\"><img decoding=\"async\" src=\"https:\/\/lh7-us.googleusercontent.com\/docsz\/AD_4nXcVdLUTCqi0Xb4SL7Z7YIVpj07By5N2s0_mBpSiM74Aa5SALYOgrb7eeGuXO7BOTfbl0D2CKt1y0G27D0zWd0Ym9i4-1WAZcn7C0iBe2_vBeafXeY43fXTSAUsiepy9t2QWGbfgGsbA5xCyY9b-tFFHctvD?key=bGHkigc4xsMZa-xXgzQG5A\" alt=\"La Ville Ang\u00e9lique \u00e0 La R\u00e9union\"\/><\/figure>\n\n\n\n<p><\/p>\n\n\n\n<h3 id=\"comment-reserver-son-sejour-en-famille-a-la-reunion\" class=\"wp-block-heading\">Comment r\u00e9server son s\u00e9jour en famille \u00e0 La R\u00e9union&nbsp;?<\/h3>\n\n\n\n<p>Pour r\u00e9server vos \u00e9vasions en quelques clics, faites confiance \u00e0<a href=\"https:\/\/trazler.com\/fr-fr\/about\"> Trazler<\/a>. L\u2019agence de voyages en ligne tout-en-un vous permet de <strong>r\u00e9server votre vol, votre logement et votre solution de transfert sur une seule et m\u00eame plateforme. <\/strong>Le tout, sans perdre de vue votre budget.<\/p>\n\n\n\n<p>Trazler <strong>compare en quelques secondes les offres de centaines de compagnies<\/strong> a\u00e9riennes et d&rsquo;h\u00f4tels partenaires pour r\u00e9server au meilleur prix. Vous pouvez mixer \u00e0 l\u2019infini les possibilit\u00e9s de vol, de logement et de transfert pour <strong>un voyage sur mesure.<\/strong><\/p>\n\n\n\n<p>Si vous rencontrez des difficult\u00e9s, <strong>notre<\/strong><a href=\"https:\/\/trazler.com\/fr-fr\/about\/contacts\"><strong> <\/strong><strong>\u00e9quipe d\u2019assistance<\/strong><\/a><strong> se tient \u00e0 votre disposition 24&nbsp;h\/24 <\/strong>chaque jour de la semaine. Vous n\u2019avez plus qu\u2019\u00e0 vous laisser porter.&nbsp;<\/p>\n\n\n\n<p><strong><em>La R\u00e9union<\/em><\/strong><em> n\u2019a plus de secret pour vous. Rendez-vous sur Trazler et<\/em><strong><em> r\u00e9servez un s\u00e9jour de r\u00eave pour toute la famille<\/em><\/strong><strong>.&nbsp;<\/strong><\/p>\n\n\n\n<div class=\"schema-faq\"><div class=\"schema-faq-section\" id=\"faq-question-1717058103857\"><strong class=\"schema-faq-question\"><strong>Quand partir \u00e0 La R\u00e9union\u00a0?\u00a0<\/strong><\/strong> <p class=\"schema-faq-answer\">La saison s\u00e8che s\u2019\u00e9tend de mai \u00e0 octobre, vous pourrez profiter d\u2019une temp\u00e9rature moyenne de 26\u00b0 et d\u2019une eau presque aussi chaude.\u00a0<\/p> <\/div> <div class=\"schema-faq-section\" id=\"faq-question-1717058105810\"><strong class=\"schema-faq-question\"><strong>Que faire sur l\u2019\u00eele de La R\u00e9union\u00a0?\u00a0<\/strong><\/strong> <p class=\"schema-faq-answer\">Sur l\u2019\u00eele de la R\u00e9union, vous pouvez profiter de plages paradisiaques comme celle de l\u2019Hermitage ou vous lancer dans l&rsquo;ascension du Piton de la Fournaise.\u00a0<\/p> <\/div> <div class=\"schema-faq-section\" id=\"faq-question-1717058106617\"><strong class=\"schema-faq-question\"><strong>Peut-on partir \u00e0 La R\u00e9union avec de jeunes enfants\u00a0?<\/strong><\/strong> <p class=\"schema-faq-answer\">Vous trouverez diff\u00e9rentes activit\u00e9s aquatiques ou sportives qui plairont aux jeunes enfants. La R\u00e9union est aussi riche d\u2019une nature luxuriante qui \u00e9merveille les tout petits.\u00a0<\/p> <\/div> <\/div>\n","protected":false},"excerpt":{"rendered":"D\u00e9couvrez toutes nos astuces pour organiser 15 jours inoubliables en famille sur l\u2019\u00eele de La R\u00e9union.\n","protected":false},"author":15,"featured_media":6085,"comment_status":"closed","ping_status":"closed","sticky":false,"template":"","format":"standard","meta":{"csco_singular_sidebar":"","csco_page_header_type":"","csco_page_load_nextpost":"","csco_post_video_location":[],"csco_post_video_url":"","csco_post_video_bg_start_time":0,"csco_post_video_bg_end_time":0,"footnotes":""},"categories":[92],"tags":[],"class_list":{"0":"post-5857","1":"post","2":"type-post","3":"status-publish","4":"format-standard","5":"has-post-thumbnail","7":"category-afrique","8":"cs-entry","9":"cs-video-wrap"},"yoast_head":"<!-- This site is optimized with the Yoast SEO plugin v23.9 - https:\/\/yoast.com\/wordpress\/plugins\/seo\/ -->\n<title>15 jours inoubliables en famille sur l\u2019\u00eele de La R\u00e9union<\/title>\n<meta name=\"description\" content=\"D\u00e9couvrez toutes nos astuces pour organiser 15 jours inoubliables en famille sur l\u2019\u00eele de La R\u00e9union.\" \/>\n<meta name=\"robots\" content=\"index, follow, max-snippet:-1, max-image-preview:large, max-video-preview:-1\" \/>\n<link rel=\"canonical\" href=\"https:\/\/blog.trazler.com\/fr\/2024\/06\/24\/conseils-organiser-sejour-famille-la-reunion\/\" \/>\n<meta property=\"og:locale\" content=\"fr_FR\" \/>\n<meta property=\"og:type\" content=\"article\" \/>\n<meta property=\"og:title\" content=\"15 jours inoubliables en famille sur l\u2019\u00eele de La R\u00e9union\" \/>\n<meta property=\"og:description\" content=\"D\u00e9couvrez toutes nos astuces pour organiser 15 jours inoubliables en famille sur l\u2019\u00eele de La R\u00e9union.\" \/>\n<meta property=\"og:url\" content=\"https:\/\/blog.trazler.com\/fr\/2024\/06\/24\/conseils-organiser-sejour-famille-la-reunion\/\" \/>\n<meta property=\"og:site_name\" content=\"Trazler Blog\" \/>\n<meta property=\"article:published_time\" content=\"2024-06-24T08:00:00+00:00\" \/>\n<meta property=\"article:modified_time\" content=\"2024-08-27T10:30:22+00:00\" \/>\n<meta property=\"og:image\" content=\"https:\/\/blog.trazler.com\/wp-content\/uploads\/2024\/05\/mesmerizing-view-lake-surrounded-by-mountains-covered-green-blue-sky-scaled.jpg\" \/>\n\t<meta property=\"og:image:width\" content=\"2560\" \/>\n\t<meta property=\"og:image:height\" content=\"1795\" \/>\n\t<meta property=\"og:image:type\" content=\"image\/jpeg\" \/>\n<meta name=\"author\" content=\"Coline Levin\" \/>\n<meta name=\"twitter:card\" content=\"summary_large_image\" \/>\n<meta name=\"twitter:label1\" content=\"\u00c9crit par\" \/>\n\t<meta name=\"twitter:data1\" content=\"Coline Levin\" \/>\n\t<meta name=\"twitter:label2\" content=\"Dur\u00e9e de lecture estim\u00e9e\" \/>\n\t<meta name=\"twitter:data2\" content=\"8 minutes\" \/>\n<script type=\"application\/ld+json\" class=\"yoast-schema-graph\">{\"@context\":\"https:\/\/schema.org\",\"@graph\":[{\"@type\":\"Article\",\"@id\":\"https:\/\/blog.trazler.com\/fr\/2024\/06\/24\/conseils-organiser-sejour-famille-la-reunion\/#article\",\"isPartOf\":{\"@id\":\"https:\/\/blog.trazler.com\/fr\/2024\/06\/24\/conseils-organiser-sejour-famille-la-reunion\/\"},\"author\":{\"name\":\"Coline Levin\",\"@id\":\"https:\/\/blog.trazler.com\/fr\/#\/schema\/person\/197f4b7f98b7b9cc97a12a906b14381b\"},\"headline\":\"15 jours sur l\u2019\u00eele de La R\u00e9union en famille\",\"datePublished\":\"2024-06-24T08:00:00+00:00\",\"dateModified\":\"2024-08-27T10:30:22+00:00\",\"mainEntityOfPage\":{\"@id\":\"https:\/\/blog.trazler.com\/fr\/2024\/06\/24\/conseils-organiser-sejour-famille-la-reunion\/\"},\"wordCount\":1763,\"publisher\":{\"@id\":\"https:\/\/blog.trazler.com\/fr\/#organization\"},\"image\":{\"@id\":\"https:\/\/blog.trazler.com\/fr\/2024\/06\/24\/conseils-organiser-sejour-famille-la-reunion\/#primaryimage\"},\"thumbnailUrl\":\"https:\/\/blog.trazler.com\/wp-content\/uploads\/2024\/06\/la-reunion-dom-tom-scaled.jpg\",\"articleSection\":[\"Afrique\"],\"inLanguage\":\"fr-FR\"},{\"@type\":[\"WebPage\",\"FAQPage\"],\"@id\":\"https:\/\/blog.trazler.com\/fr\/2024\/06\/24\/conseils-organiser-sejour-famille-la-reunion\/\",\"url\":\"https:\/\/blog.trazler.com\/fr\/2024\/06\/24\/conseils-organiser-sejour-famille-la-reunion\/\",\"name\":\"15 jours inoubliables en famille sur l\u2019\u00eele de La R\u00e9union\",\"isPartOf\":{\"@id\":\"https:\/\/blog.trazler.com\/fr\/#website\"},\"primaryImageOfPage\":{\"@id\":\"https:\/\/blog.trazler.com\/fr\/2024\/06\/24\/conseils-organiser-sejour-famille-la-reunion\/#primaryimage\"},\"image\":{\"@id\":\"https:\/\/blog.trazler.com\/fr\/2024\/06\/24\/conseils-organiser-sejour-famille-la-reunion\/#primaryimage\"},\"thumbnailUrl\":\"https:\/\/blog.trazler.com\/wp-content\/uploads\/2024\/06\/la-reunion-dom-tom-scaled.jpg\",\"datePublished\":\"2024-06-24T08:00:00+00:00\",\"dateModified\":\"2024-08-27T10:30:22+00:00\",\"description\":\"D\u00e9couvrez toutes nos astuces pour organiser 15 jours inoubliables en famille sur l\u2019\u00eele de La R\u00e9union.\",\"breadcrumb\":{\"@id\":\"https:\/\/blog.trazler.com\/fr\/2024\/06\/24\/conseils-organiser-sejour-famille-la-reunion\/#breadcrumb\"},\"mainEntity\":[{\"@id\":\"https:\/\/blog.trazler.com\/fr\/2024\/06\/24\/conseils-organiser-sejour-famille-la-reunion\/#faq-question-1717058103857\"},{\"@id\":\"https:\/\/blog.trazler.com\/fr\/2024\/06\/24\/conseils-organiser-sejour-famille-la-reunion\/#faq-question-1717058105810\"},{\"@id\":\"https:\/\/blog.trazler.com\/fr\/2024\/06\/24\/conseils-organiser-sejour-famille-la-reunion\/#faq-question-1717058106617\"}],\"inLanguage\":\"fr-FR\",\"potentialAction\":[{\"@type\":\"ReadAction\",\"target\":[\"https:\/\/blog.trazler.com\/fr\/2024\/06\/24\/conseils-organiser-sejour-famille-la-reunion\/\"]}]},{\"@type\":\"ImageObject\",\"inLanguage\":\"fr-FR\",\"@id\":\"https:\/\/blog.trazler.com\/fr\/2024\/06\/24\/conseils-organiser-sejour-famille-la-reunion\/#primaryimage\",\"url\":\"https:\/\/blog.trazler.com\/wp-content\/uploads\/2024\/06\/la-reunion-dom-tom-scaled.jpg\",\"contentUrl\":\"https:\/\/blog.trazler.com\/wp-content\/uploads\/2024\/06\/la-reunion-dom-tom-scaled.jpg\",\"width\":2560,\"height\":1632,\"caption\":\"15 jours inoubliables en famille sur l\u2019\u00eele de La R\u00e9union\"},{\"@type\":\"BreadcrumbList\",\"@id\":\"https:\/\/blog.trazler.com\/fr\/2024\/06\/24\/conseils-organiser-sejour-famille-la-reunion\/#breadcrumb\",\"itemListElement\":[{\"@type\":\"ListItem\",\"position\":1,\"name\":\"Page d'accueil\",\"item\":\"https:\/\/blog.trazler.com\/fr\/\"},{\"@type\":\"ListItem\",\"position\":2,\"name\":\"Afrique\",\"item\":\"https:\/\/blog.trazler.com\/fr\/category\/afrique\/\"},{\"@type\":\"ListItem\",\"position\":3,\"name\":\"15 jours sur l\u2019\u00eele de La R\u00e9union en famille\"}]},{\"@type\":\"WebSite\",\"@id\":\"https:\/\/blog.trazler.com\/fr\/#website\",\"url\":\"https:\/\/blog.trazler.com\/fr\/\",\"name\":\"Trazler Blog\",\"description\":\"Book smart, travel simple\",\"publisher\":{\"@id\":\"https:\/\/blog.trazler.com\/fr\/#organization\"},\"alternateName\":\"Trazler travels\",\"potentialAction\":[{\"@type\":\"SearchAction\",\"target\":{\"@type\":\"EntryPoint\",\"urlTemplate\":\"https:\/\/blog.trazler.com\/fr\/?s={search_term_string}\"},\"query-input\":{\"@type\":\"PropertyValueSpecification\",\"valueRequired\":true,\"valueName\":\"search_term_string\"}}],\"inLanguage\":\"fr-FR\"},{\"@type\":\"Organization\",\"@id\":\"https:\/\/blog.trazler.com\/fr\/#organization\",\"name\":\"Trazler Blog\",\"alternateName\":\"Trazler travel\",\"url\":\"https:\/\/blog.trazler.com\/fr\/\",\"logo\":{\"@type\":\"ImageObject\",\"inLanguage\":\"fr-FR\",\"@id\":\"https:\/\/blog.trazler.com\/fr\/#\/schema\/logo\/image\/\",\"url\":\"https:\/\/blog.trazler.com\/wp-content\/uploads\/2022\/12\/Group-237718.png\",\"contentUrl\":\"https:\/\/blog.trazler.com\/wp-content\/uploads\/2022\/12\/Group-237718.png\",\"width\":262,\"height\":28,\"caption\":\"Trazler Blog\"},\"image\":{\"@id\":\"https:\/\/blog.trazler.com\/fr\/#\/schema\/logo\/image\/\"}},{\"@type\":\"Person\",\"@id\":\"https:\/\/blog.trazler.com\/fr\/#\/schema\/person\/197f4b7f98b7b9cc97a12a906b14381b\",\"name\":\"Coline Levin\",\"image\":{\"@type\":\"ImageObject\",\"inLanguage\":\"fr-FR\",\"@id\":\"https:\/\/blog.trazler.com\/fr\/#\/schema\/person\/image\/\",\"url\":\"https:\/\/secure.gravatar.com\/avatar\/e2a64786e0ee1f4edc2a7681581d60c0?s=96&d=mm&r=g\",\"contentUrl\":\"https:\/\/secure.gravatar.com\/avatar\/e2a64786e0ee1f4edc2a7681581d60c0?s=96&d=mm&r=g\",\"caption\":\"Coline Levin\"},\"description\":\"Consultante en France, passionn\u00e9e d\u2019\u00e9criture, de voyages et de podcasts. Ne se lasse pas de d\u00e9couvrir de nouvelles cultures et r\u00e9cemment tomb\u00e9e amoureuse du Canada.\",\"url\":\"https:\/\/blog.trazler.com\/fr\/author\/coline\/\"},{\"@type\":\"Question\",\"@id\":\"https:\/\/blog.trazler.com\/fr\/2024\/06\/24\/conseils-organiser-sejour-famille-la-reunion\/#faq-question-1717058103857\",\"position\":1,\"url\":\"https:\/\/blog.trazler.com\/fr\/2024\/06\/24\/conseils-organiser-sejour-famille-la-reunion\/#faq-question-1717058103857\",\"name\":\"Quand partir \u00e0 La R\u00e9union\u00a0?\u00a0\",\"answerCount\":1,\"acceptedAnswer\":{\"@type\":\"Answer\",\"text\":\"La saison s\u00e8che s\u2019\u00e9tend de mai \u00e0 octobre, vous pourrez profiter d\u2019une temp\u00e9rature moyenne de 26\u00b0 et d\u2019une eau presque aussi chaude.\u00a0\",\"inLanguage\":\"fr-FR\"},\"inLanguage\":\"fr-FR\"},{\"@type\":\"Question\",\"@id\":\"https:\/\/blog.trazler.com\/fr\/2024\/06\/24\/conseils-organiser-sejour-famille-la-reunion\/#faq-question-1717058105810\",\"position\":2,\"url\":\"https:\/\/blog.trazler.com\/fr\/2024\/06\/24\/conseils-organiser-sejour-famille-la-reunion\/#faq-question-1717058105810\",\"name\":\"Que faire sur l\u2019\u00eele de La R\u00e9union\u00a0?\u00a0\",\"answerCount\":1,\"acceptedAnswer\":{\"@type\":\"Answer\",\"text\":\"Sur l\u2019\u00eele de la R\u00e9union, vous pouvez profiter de plages paradisiaques comme celle de l\u2019Hermitage ou vous lancer dans l'ascension du Piton de la Fournaise.\u00a0\",\"inLanguage\":\"fr-FR\"},\"inLanguage\":\"fr-FR\"},{\"@type\":\"Question\",\"@id\":\"https:\/\/blog.trazler.com\/fr\/2024\/06\/24\/conseils-organiser-sejour-famille-la-reunion\/#faq-question-1717058106617\",\"position\":3,\"url\":\"https:\/\/blog.trazler.com\/fr\/2024\/06\/24\/conseils-organiser-sejour-famille-la-reunion\/#faq-question-1717058106617\",\"name\":\"Peut-on partir \u00e0 La R\u00e9union avec de jeunes enfants\u00a0?\",\"answerCount\":1,\"acceptedAnswer\":{\"@type\":\"Answer\",\"text\":\"Vous trouverez diff\u00e9rentes activit\u00e9s aquatiques ou sportives qui plairont aux jeunes enfants. La R\u00e9union est aussi riche d\u2019une nature luxuriante qui \u00e9merveille les tout petits.\u00a0\",\"inLanguage\":\"fr-FR\"},\"inLanguage\":\"fr-FR\"}]}<\/script>\n<!-- \/ Yoast SEO plugin. -->","yoast_head_json":{"title":"15 jours inoubliables en famille sur l\u2019\u00eele de La R\u00e9union","description":"D\u00e9couvrez toutes nos astuces pour organiser 15 jours inoubliables en famille sur l\u2019\u00eele de La R\u00e9union.","robots":{"index":"index","follow":"follow","max-snippet":"max-snippet:-1","max-image-preview":"max-image-preview:large","max-video-preview":"max-video-preview:-1"},"canonical":"https:\/\/blog.trazler.com\/fr\/2024\/06\/24\/conseils-organiser-sejour-famille-la-reunion\/","og_locale":"fr_FR","og_type":"article","og_title":"15 jours inoubliables en famille sur l\u2019\u00eele de La R\u00e9union","og_description":"D\u00e9couvrez toutes nos astuces pour organiser 15 jours inoubliables en famille sur l\u2019\u00eele de La R\u00e9union.","og_url":"https:\/\/blog.trazler.com\/fr\/2024\/06\/24\/conseils-organiser-sejour-famille-la-reunion\/","og_site_name":"Trazler Blog","article_published_time":"2024-06-24T08:00:00+00:00","article_modified_time":"2024-08-27T10:30:22+00:00","og_image":[{"width":2560,"height":1795,"url":"https:\/\/blog.trazler.com\/wp-content\/uploads\/2024\/05\/mesmerizing-view-lake-surrounded-by-mountains-covered-green-blue-sky-scaled.jpg","type":"image\/jpeg"}],"author":"Coline Levin","twitter_card":"summary_large_image","twitter_misc":{"\u00c9crit par":"Coline Levin","Dur\u00e9e de lecture estim\u00e9e":"8 minutes"},"schema":{"@context":"https:\/\/schema.org","@graph":[{"@type":"Article","@id":"https:\/\/blog.trazler.com\/fr\/2024\/06\/24\/conseils-organiser-sejour-famille-la-reunion\/#article","isPartOf":{"@id":"https:\/\/blog.trazler.com\/fr\/2024\/06\/24\/conseils-organiser-sejour-famille-la-reunion\/"},"author":{"name":"Coline Levin","@id":"https:\/\/blog.trazler.com\/fr\/#\/schema\/person\/197f4b7f98b7b9cc97a12a906b14381b"},"headline":"15 jours sur l\u2019\u00eele de La R\u00e9union en famille","datePublished":"2024-06-24T08:00:00+00:00","dateModified":"2024-08-27T10:30:22+00:00","mainEntityOfPage":{"@id":"https:\/\/blog.trazler.com\/fr\/2024\/06\/24\/conseils-organiser-sejour-famille-la-reunion\/"},"wordCount":1763,"publisher":{"@id":"https:\/\/blog.trazler.com\/fr\/#organization"},"image":{"@id":"https:\/\/blog.trazler.com\/fr\/2024\/06\/24\/conseils-organiser-sejour-famille-la-reunion\/#primaryimage"},"thumbnailUrl":"https:\/\/blog.trazler.com\/wp-content\/uploads\/2024\/06\/la-reunion-dom-tom-scaled.jpg","articleSection":["Afrique"],"inLanguage":"fr-FR"},{"@type":["WebPage","FAQPage"],"@id":"https:\/\/blog.trazler.com\/fr\/2024\/06\/24\/conseils-organiser-sejour-famille-la-reunion\/","url":"https:\/\/blog.trazler.com\/fr\/2024\/06\/24\/conseils-organiser-sejour-famille-la-reunion\/","name":"15 jours inoubliables en famille sur l\u2019\u00eele de La R\u00e9union","isPartOf":{"@id":"https:\/\/blog.trazler.com\/fr\/#website"},"primaryImageOfPage":{"@id":"https:\/\/blog.trazler.com\/fr\/2024\/06\/24\/conseils-organiser-sejour-famille-la-reunion\/#primaryimage"},"image":{"@id":"https:\/\/blog.trazler.com\/fr\/2024\/06\/24\/conseils-organiser-sejour-famille-la-reunion\/#primaryimage"},"thumbnailUrl":"https:\/\/blog.trazler.com\/wp-content\/uploads\/2024\/06\/la-reunion-dom-tom-scaled.jpg","datePublished":"2024-06-24T08:00:00+00:00","dateModified":"2024-08-27T10:30:22+00:00","description":"D\u00e9couvrez toutes nos astuces pour organiser 15 jours inoubliables en famille sur l\u2019\u00eele de La R\u00e9union.","breadcrumb":{"@id":"https:\/\/blog.trazler.com\/fr\/2024\/06\/24\/conseils-organiser-sejour-famille-la-reunion\/#breadcrumb"},"mainEntity":[{"@id":"https:\/\/blog.trazler.com\/fr\/2024\/06\/24\/conseils-organiser-sejour-famille-la-reunion\/#faq-question-1717058103857"},{"@id":"https:\/\/blog.trazler.com\/fr\/2024\/06\/24\/conseils-organiser-sejour-famille-la-reunion\/#faq-question-1717058105810"},{"@id":"https:\/\/blog.trazler.com\/fr\/2024\/06\/24\/conseils-organiser-sejour-famille-la-reunion\/#faq-question-1717058106617"}],"inLanguage":"fr-FR","potentialAction":[{"@type":"ReadAction","target":["https:\/\/blog.trazler.com\/fr\/2024\/06\/24\/conseils-organiser-sejour-famille-la-reunion\/"]}]},{"@type":"ImageObject","inLanguage":"fr-FR","@id":"https:\/\/blog.trazler.com\/fr\/2024\/06\/24\/conseils-organiser-sejour-famille-la-reunion\/#primaryimage","url":"https:\/\/blog.trazler.com\/wp-content\/uploads\/2024\/06\/la-reunion-dom-tom-scaled.jpg","contentUrl":"https:\/\/blog.trazler.com\/wp-content\/uploads\/2024\/06\/la-reunion-dom-tom-scaled.jpg","width":2560,"height":1632,"caption":"15 jours inoubliables en famille sur l\u2019\u00eele de La R\u00e9union"},{"@type":"BreadcrumbList","@id":"https:\/\/blog.trazler.com\/fr\/2024\/06\/24\/conseils-organiser-sejour-famille-la-reunion\/#breadcrumb","itemListElement":[{"@type":"ListItem","position":1,"name":"Page d'accueil","item":"https:\/\/blog.trazler.com\/fr\/"},{"@type":"ListItem","position":2,"name":"Afrique","item":"https:\/\/blog.trazler.com\/fr\/category\/afrique\/"},{"@type":"ListItem","position":3,"name":"15 jours sur l\u2019\u00eele de La R\u00e9union en famille"}]},{"@type":"WebSite","@id":"https:\/\/blog.trazler.com\/fr\/#website","url":"https:\/\/blog.trazler.com\/fr\/","name":"Trazler Blog","description":"Book smart, travel simple","publisher":{"@id":"https:\/\/blog.trazler.com\/fr\/#organization"},"alternateName":"Trazler travels","potentialAction":[{"@type":"SearchAction","target":{"@type":"EntryPoint","urlTemplate":"https:\/\/blog.trazler.com\/fr\/?s={search_term_string}"},"query-input":{"@type":"PropertyValueSpecification","valueRequired":true,"valueName":"search_term_string"}}],"inLanguage":"fr-FR"},{"@type":"Organization","@id":"https:\/\/blog.trazler.com\/fr\/#organization","name":"Trazler Blog","alternateName":"Trazler travel","url":"https:\/\/blog.trazler.com\/fr\/","logo":{"@type":"ImageObject","inLanguage":"fr-FR","@id":"https:\/\/blog.trazler.com\/fr\/#\/schema\/logo\/image\/","url":"https:\/\/blog.trazler.com\/wp-content\/uploads\/2022\/12\/Group-237718.png","contentUrl":"https:\/\/blog.trazler.com\/wp-content\/uploads\/2022\/12\/Group-237718.png","width":262,"height":28,"caption":"Trazler Blog"},"image":{"@id":"https:\/\/blog.trazler.com\/fr\/#\/schema\/logo\/image\/"}},{"@type":"Person","@id":"https:\/\/blog.trazler.com\/fr\/#\/schema\/person\/197f4b7f98b7b9cc97a12a906b14381b","name":"Coline Levin","image":{"@type":"ImageObject","inLanguage":"fr-FR","@id":"https:\/\/blog.trazler.com\/fr\/#\/schema\/person\/image\/","url":"https:\/\/secure.gravatar.com\/avatar\/e2a64786e0ee1f4edc2a7681581d60c0?s=96&d=mm&r=g","contentUrl":"https:\/\/secure.gravatar.com\/avatar\/e2a64786e0ee1f4edc2a7681581d60c0?s=96&d=mm&r=g","caption":"Coline Levin"},"description":"Consultante en France, passionn\u00e9e d\u2019\u00e9criture, de voyages et de podcasts. Ne se lasse pas de d\u00e9couvrir de nouvelles cultures et r\u00e9cemment tomb\u00e9e amoureuse du Canada.","url":"https:\/\/blog.trazler.com\/fr\/author\/coline\/"},{"@type":"Question","@id":"https:\/\/blog.trazler.com\/fr\/2024\/06\/24\/conseils-organiser-sejour-famille-la-reunion\/#faq-question-1717058103857","position":1,"url":"https:\/\/blog.trazler.com\/fr\/2024\/06\/24\/conseils-organiser-sejour-famille-la-reunion\/#faq-question-1717058103857","name":"Quand partir \u00e0 La R\u00e9union\u00a0?\u00a0","answerCount":1,"acceptedAnswer":{"@type":"Answer","text":"La saison s\u00e8che s\u2019\u00e9tend de mai \u00e0 octobre, vous pourrez profiter d\u2019une temp\u00e9rature moyenne de 26\u00b0 et d\u2019une eau presque aussi chaude.\u00a0","inLanguage":"fr-FR"},"inLanguage":"fr-FR"},{"@type":"Question","@id":"https:\/\/blog.trazler.com\/fr\/2024\/06\/24\/conseils-organiser-sejour-famille-la-reunion\/#faq-question-1717058105810","position":2,"url":"https:\/\/blog.trazler.com\/fr\/2024\/06\/24\/conseils-organiser-sejour-famille-la-reunion\/#faq-question-1717058105810","name":"Que faire sur l\u2019\u00eele de La R\u00e9union\u00a0?\u00a0","answerCount":1,"acceptedAnswer":{"@type":"Answer","text":"Sur l\u2019\u00eele de la R\u00e9union, vous pouvez profiter de plages paradisiaques comme celle de l\u2019Hermitage ou vous lancer dans l'ascension du Piton de la Fournaise.\u00a0","inLanguage":"fr-FR"},"inLanguage":"fr-FR"},{"@type":"Question","@id":"https:\/\/blog.trazler.com\/fr\/2024\/06\/24\/conseils-organiser-sejour-famille-la-reunion\/#faq-question-1717058106617","position":3,"url":"https:\/\/blog.trazler.com\/fr\/2024\/06\/24\/conseils-organiser-sejour-famille-la-reunion\/#faq-question-1717058106617","name":"Peut-on partir \u00e0 La R\u00e9union avec de jeunes enfants\u00a0?","answerCount":1,"acceptedAnswer":{"@type":"Answer","text":"Vous trouverez diff\u00e9rentes activit\u00e9s aquatiques ou sportives qui plairont aux jeunes enfants. La R\u00e9union est aussi riche d\u2019une nature luxuriante qui \u00e9merveille les tout petits.\u00a0","inLanguage":"fr-FR"},"inLanguage":"fr-FR"}]}},"_links":{"self":[{"href":"https:\/\/blog.trazler.com\/fr\/wp-json\/wp\/v2\/posts\/5857","targetHints":{"allow":["GET"]}}],"collection":[{"href":"https:\/\/blog.trazler.com\/fr\/wp-json\/wp\/v2\/posts"}],"about":[{"href":"https:\/\/blog.trazler.com\/fr\/wp-json\/wp\/v2\/types\/post"}],"author":[{"embeddable":true,"href":"https:\/\/blog.trazler.com\/fr\/wp-json\/wp\/v2\/users\/15"}],"replies":[{"embeddable":true,"href":"https:\/\/blog.trazler.com\/fr\/wp-json\/wp\/v2\/comments?post=5857"}],"version-history":[{"count":4,"href":"https:\/\/blog.trazler.com\/fr\/wp-json\/wp\/v2\/posts\/5857\/revisions"}],"predecessor-version":[{"id":6087,"href":"https:\/\/blog.trazler.com\/fr\/wp-json\/wp\/v2\/posts\/5857\/revisions\/6087"}],"wp:featuredmedia":[{"embeddable":true,"href":"https:\/\/blog.trazler.com\/fr\/wp-json\/wp\/v2\/media\/6085"}],"wp:attachment":[{"href":"https:\/\/blog.trazler.com\/fr\/wp-json\/wp\/v2\/media?parent=5857"}],"wp:term":[{"taxonomy":"category","embeddable":true,"href":"https:\/\/blog.trazler.com\/fr\/wp-json\/wp\/v2\/categories?post=5857"},{"taxonomy":"post_tag","embeddable":true,"href":"https:\/\/blog.trazler.com\/fr\/wp-json\/wp\/v2\/tags?post=5857"}],"curies":[{"name":"wp","href":"https:\/\/api.w.org\/{rel}","templated":true}]}}