{"id":5817,"date":"2024-05-14T08:00:00","date_gmt":"2024-05-14T08:00:00","guid":{"rendered":"https:\/\/blog.trazler.com\/?p=5817"},"modified":"2024-08-27T14:31:10","modified_gmt":"2024-08-27T14:31:10","slug":"organiser-evg-espagne","status":"publish","type":"post","link":"https:\/\/blog.trazler.com\/fr\/2024\/05\/14\/organiser-evg-espagne\/","title":{"rendered":"Nos conseils pour un EVG inoubliable en Espagne"},"content":{"rendered":"\n<p><em>Et si vous choisissiez<\/em><strong><em> l\u2019Espagne pour organiser votre Enterrement de Vie de Gar\u00e7on&nbsp;<\/em><\/strong><em>? Cette tradition tr\u00e8s appr\u00e9ci\u00e9e des Fran\u00e7ais permet au futur mari\u00e9 de passer un moment inoubliable avec ses amis. C\u2019est l\u2019occasion de profiter une derni\u00e8re fois du calme avant la temp\u00eate des pr\u00e9paratifs de mariage.<\/em><\/p>\n\n\n\n<p><em>Avec son climat, sa vie nocturne, sa gastronomie et ses prix abordables, l\u2019Espagne est une <\/em><strong><em>destination id\u00e9ale pour organiser un EVG<\/em><\/strong><em>. Trazler vous donne ses meilleurs conseils pour organiser un \u00e9v\u00e8nement m\u00e9morable et \u00e0 votre image.<\/em><\/p>\n\n\n\n<h2 id=\"ou-partir-en-espagne-pour-organiser-son-evg\" class=\"wp-block-heading\">O\u00f9 partir en Espagne pour organiser son EVG&nbsp;?<\/h2>\n\n\n\n<h3 id=\"un-evg-sous-le-soleil-de-barcelone\" class=\"wp-block-heading\">Un EVG sous le soleil de Barcelone<\/h3>\n\n\n\n<p>Barcelone est une destination bien connue des Europ\u00e9ens qui aiment faire la f\u00eate. Chaque ann\u00e9e, pr\u00e8s de<a href=\"https:\/\/fr.statista.com\/statistiques\/621443\/nombre-touristes-hotels-barcelone-espagne\/\"> 7&nbsp;millions de touristes<\/a> viennent <strong>s\u2019impr\u00e9gner de la culture espagnole et profiter du climat m\u00e9diterran\u00e9en.&nbsp;&nbsp;<\/strong><\/p>\n\n\n\n<p>Parmi eux, des groupes d\u2019amis venus se reposer sur les plages ensoleill\u00e9es, d\u00e9couvrir la<a href=\"https:\/\/sagradafamilia.org\/en\/\"> Sagrada Familia<\/a> (dont l\u2019inauguration semble enfin pr\u00e9vue pour 2025) ou le parc G\u00fcell. Barcelone est appr\u00e9ci\u00e9e pour sa<strong> dimension cosmopolite et ses bars \u00e0 tapas \u00e0 chaque coin de rue<\/strong>. C\u2019est <em>The Place To Be<\/em> pour organiser un EVG&nbsp;!<\/p>\n\n\n\n<figure class=\"wp-block-image\"><img decoding=\"async\" src=\"https:\/\/lh7-us.googleusercontent.com\/GClTDlX5QFnnDJdRhuWxpfc_xNR0ZGt_GOHHZnIPMXZwokTQ2sGsyIikiQm6bBnbg5UNiLFim-4pnq4UWSvbFG6wVY1FOLMVzyu-gUc-mj-7ixPHElS1zmQA2rGOTdWhx38hQsjQVP5P8kvXtodRyn0\" alt=\"Un EVG inoubliable \u00e0 Barcelone\u00a0\"\/><\/figure>\n\n\n\n<h3 id=\"un-evg-dans-la-ferveur-de-madrid\" class=\"wp-block-heading\">Un EVG dans la ferveur de Madrid<\/h3>\n\n\n\n<p>\u00c0 seulement 2&nbsp;h de vol de Paris,<strong> la capitale espagnole a tout ce qu\u2019il faut pour vous d\u00e9payser<\/strong>. Madrid s\u00e9duit aussi bien les f\u00e9rus d\u2019histoire venus visiter le<a href=\"https:\/\/www.museodelprado.es\/en\"> Prado<\/a> que les passionn\u00e9s d\u2019architecture venus admirer la<a href=\"https:\/\/www.spain.info\/fr\/curiosites\/plaza-mayor-madrid\/\"> Plaza Mayor<\/a>. C\u2019est le lieu incontournable pour prendre de belles photos avec vos amis.<\/p>\n\n\n\n<p>La nuit tomb\u00e9e, <strong>la ville r\u00e9v\u00e8le son visage festif<\/strong>. \u00c9tudiants, locaux et touristes se retrouvent pour c\u00e9l\u00e9brer dans un bar ou une bo\u00eete de nuit. Vous pouvez aussi <strong>organiser votre EVG pendant un des fameux<\/strong><a href=\"https:\/\/www.esmadrid.com\/fr\/festivals-musique\"><strong> <\/strong><strong>festivals madril\u00e8nes<\/strong><\/a><strong> <\/strong>comme le Mad Cool, le Noche en Blanco ou m\u00eame le carnaval.<\/p>\n\n\n\n<figure class=\"wp-block-image\"><img decoding=\"async\" src=\"https:\/\/lh7-us.googleusercontent.com\/NhdeznRJ6tDZijRb2OsBjn0x3tAhXcZRVyNioFfaRVWuuIph4SBcskB0ajnbI3DyBIn_o_M2UOTYNXqmU7B0ovLUSJQrvFQ2HRly88glt2H16XIVUbfmuemIeUsLUM7TRtCbZWxVpnB4ENl3J9EkBQA\" alt=\"L\u2019incontournable Plaza Mayor de Madrid\u00a0\"\/><\/figure>\n\n\n\n<h3 id=\"un-evg-les-pieds-dans-leau-a-ibiza\" class=\"wp-block-heading\">Un EVG les pieds dans l\u2019eau \u00e0 Ibiza<\/h3>\n\n\n\n<p>La r\u00e9putation d\u2019Ibiza n\u2019est plus \u00e0 faire. L\u2019archipel des Bal\u00e9ares est une<a href=\"https:\/\/blog.trazler.com\/fr\/2024\/02\/13\/destinations-reve-evasion-vacances-ete\/\"> <strong>destination de r\u00eave<\/strong><\/a><strong>, connue pour \u00eatre le QG des plus grands DJ du monde.<\/strong><\/p>\n\n\n\n<p>Pour un EVG parfait, <strong>organisez une croisi\u00e8re avec vos amis <\/strong>pour prendre un bain de soleil sur le pont et admirer l\u2019\u00eele depuis la mer. Le soir, rendez-vous dans un des bars r\u00e9put\u00e9s d\u2019Ibiza pour <strong>\u00e9couter de la bonne musique en sirotant un cocktail<\/strong> :<\/p>\n\n\n\n<ul class=\"wp-block-list\">\n<li>le Flower Power pour se d\u00e9hancher tous les lundis&nbsp;;<\/li>\n\n\n\n<li>le march\u00e9 nocturne de Las Dalias pour d\u00e9couvrir les cr\u00e9ations boh\u00e8mes d\u2019artisans locaux&nbsp;;<\/li>\n\n\n\n<li>la tr\u00e8s pris\u00e9e soir\u00e9e moonlit du<a href=\"https:\/\/www.beachouseibiza.com\/dinner-series\"> Beachouse<\/a> pour c\u00e9l\u00e9brer le week-end.<\/li>\n<\/ul>\n\n\n\n<p>Les fameuses \u00ab&nbsp;opening parties&nbsp;\u00bb marquent le coup d\u2019envoi d\u2019une <strong>saison estivale endiabl\u00e9e.&nbsp;<\/strong><\/p>\n\n\n\n<figure class=\"wp-block-image\"><img decoding=\"async\" src=\"https:\/\/lh7-us.googleusercontent.com\/Xkqm__5eGBNKQplIuH9v2x-7rSqXLXIDZAaHA7J6mK1MGcNGm9Ni9VE-l0UmGDWtrwqx10hUqzO6eJr56SiaMLTiqEbraZAisr53Mz3boyLy6gS2aivM_MPJgkyYrChjIj1HMicRv9RXMUXbix5GHYM\" alt=\"Un EVG de r\u00eave \u00e0 Ibiza\"\/><\/figure>\n\n\n\n<h3 id=\"un-evg-sous-les-couleurs-de-valence\" class=\"wp-block-heading\">Un EVG sous les couleurs de Valence<\/h3>\n\n\n\n<p>Valence, ville c\u00f4ti\u00e8re du sud-est de l\u2019Espagne, attire de plus en plus de touristes <strong>par son climat et son authenticit\u00e9<\/strong>. Laissez-vous saisir par son architecture \u00e0 la fois contemporaine et gothique et le charme de sa vieille ville.<\/p>\n\n\n\n<p>L\u2019atmosph\u00e8re douce et joyeuse de Valence est id\u00e9ale pour un EVG. Des <strong>\u00e9v\u00e8nements festifs sont organis\u00e9s toute l\u2019ann\u00e9e<\/strong> : d\u00e9fil\u00e9s costum\u00e9s, feux d\u2019artifice, spectacles de rue. Et n\u2019oubliez pas de <strong>d\u00e9guster des tapas au<\/strong><a href=\"https:\/\/www.visitvalencia.com\/fr\/que-faire-valencia\/culture-valencienne\/monuments\/mercado-central-marche-central\"><strong> <\/strong><strong>march\u00e9 central<\/strong><\/a><strong>,<\/strong> ce sont les meilleures de la ville&nbsp;!<\/p>\n\n\n\n<figure class=\"wp-block-image\"><img decoding=\"async\" src=\"https:\/\/lh7-us.googleusercontent.com\/N_1eHiI55F5mi5UeQtRlGgMTo9rFCrei7VFen4pY9oXBXqzbcpTAHy4_mcwIVCdQ3wX6Cn9UO5nxWpuDditdmqvDryoUQ4Z8v_HyFOp3gYiI4Ss5_Gz1uiaSMq18o6LZ6owCnnWp0KiY2gOENd622OY\" alt=\"D\u00e9couvrir la vieille ville de Valence\"\/><\/figure>\n\n\n\n<h2 id=\"quelles-activites-pour-un-evg-inoubliable\" class=\"wp-block-heading\">Quelles activit\u00e9s pour un EVG inoubliable&nbsp;?<\/h2>\n\n\n\n<h3 id=\"prevoir-des-sorties-en-plein-air\" class=\"wp-block-heading\">Pr\u00e9voir des sorties en plein air<\/h3>\n\n\n\n<p>Pour passer un bon s\u00e9jour entre amis, pr\u00e9voyez des sorties en journ\u00e9e. Et si vous aimez les sensations fortes, <strong>les sports nautiques seront parfaits pour vous<\/strong>. \u00c0 Barcelone ou \u00e0 Ibiza, vous trouverez des offres pour des apr\u00e8s-midis jet ski ou paddle surf : fous rires garantis&nbsp;!<\/p>\n\n\n\n<p>Si votre bande n\u2019est pas du genre sportive, vous pouvez <strong>pr\u00e9voir<\/strong><a href=\"https:\/\/enoturismospain.com\/nouvelles\/vignobles-pres-madrid\"><strong> <\/strong><strong>une visite de vignobles<\/strong><\/a><strong> espagnols <\/strong>avec une d\u00e9gustation de vin local. Les vignerons vous accueillent un peu partout sur le territoire, c\u2019est un excellent moyen d<strong>\u2019\u00e9changer avec les locaux et de s\u2019\u00e9vader de la grande ville.<\/strong><\/p>\n\n\n\n<p>D\u00e9diez aussi du temps \u00e0 la <strong>d\u00e9couverte du patrimoine<\/strong>. L\u2019Espagne est appr\u00e9ci\u00e9e pour sa richesse culturelle et architecturale, <strong>vous ne pouvez pas passer \u00e0 c\u00f4t\u00e9 des mus\u00e9es et places mythiques<\/strong>. Pourquoi ne pas r\u00e9server les services d\u2019un photographe professionnel pour immortaliser ces moments&nbsp;?<\/p>\n\n\n\n<h3 id=\"organiser-des-soirees-entre-amis\" class=\"wp-block-heading\">Organiser des soir\u00e9es entre amis<\/h3>\n\n\n\n<p>O\u00f9 que vous alliez en Espagne, <strong>vous serez envout\u00e9 par la vie nocturne<\/strong>. On vous recommande<strong> les soir\u00e9es dans les tablaos, les bars typiques pour assister \u00e0 un spectacle de flamenco en d\u00e9gustant des tapas<\/strong>. Voici nos pr\u00e9f\u00e9r\u00e9s :<\/p>\n\n\n\n<ul class=\"wp-block-list\">\n<li>Las carboneras \u00e0 Madrid&nbsp;;<\/li>\n\n\n\n<li>le tablo Cordob\u00e8s \u00e0 Barcelone&nbsp;;<\/li>\n\n\n\n<li>le Palosanto \u00e0 Valence.<\/li>\n<\/ul>\n\n\n\n<p><strong>Si vous \u00eates plut\u00f4t bo\u00eete de nuit, vous trouverez aussi facilement votre bonheur.<\/strong> On vous a tout de m\u00eame concoct\u00e9 une petite s\u00e9lection pour vous faire gagner du temps :<\/p>\n\n\n\n<ul class=\"wp-block-list\">\n<li>\u00e0 Madrid, le Teatro Kapital ou le Planet Club&nbsp;;<\/li>\n\n\n\n<li>\u00e0 Barcelone, le Carpe Diem ou le Razzmatazz&nbsp;;<\/li>\n\n\n\n<li>\u00e0 Valence, l\u2019Umbracle ou le bar de jazz Funkadelia&nbsp;;<\/li>\n\n\n\n<li>\u00e0 Ibiza, le fameux Pacha ou le tr\u00e8s c\u00e9l\u00e8bre Ushua\u00efa.<\/li>\n<\/ul>\n\n\n\n<h3 id=\"les-bonnes-pratiques-pour-planifier-son-evg\" class=\"wp-block-heading\">Les bonnes pratiques pour planifier son EVG<\/h3>\n\n\n\n<p>Quelques astuces simples peuvent vous aider \u00e0 organiser un EVG r\u00e9ussi pour vous et le futur mari\u00e9.<strong> Plus vous anticipez, mieux c\u2019est, surtout si vous \u00eates nombreux.<\/strong> Pr\u00e9voyez suffisamment de temps pour que chaque invit\u00e9 pose ses jours de cong\u00e9.<\/p>\n\n\n\n<p>Une fois que vous avez fix\u00e9 une date et que la liste d\u2019invit\u00e9s est d\u00e9finie, <strong>choisissez 1 ou 2&nbsp;personnes charg\u00e9es de la planification<\/strong> et de la coordination du s\u00e9jour. Cela permettra d\u2019\u00eatre bien plus efficace dans l\u2019organisation et d\u2019\u00e9viter les conflits.<\/p>\n\n\n\n<p>Avant de r\u00e9server quoi que ce soit,<strong> d\u00e9finissez un budget <\/strong>qui prendra en compte : le voyage, l\u2019h\u00e9bergement, les activit\u00e9s, la nourriture, les extras. Une fois sur place, t\u00e9l\u00e9charger<a href=\"https:\/\/www.tricount.com\/fr\/faire-les-comptes-entre-amis\"> une application<\/a> pour <strong>suivre les d\u00e9penses de chacun et \u00e9quilibrer les comptes <\/strong>\u00e0 la fin du s\u00e9jour. Un indispensable pour all\u00e9ger votre charge mentale.&nbsp;<\/p>\n\n\n\n<h2 id=\"conseils-pratiques-pour-un-evg-en-espagne\" class=\"wp-block-heading\">Conseils pratiques pour un EVG en Espagne<\/h2>\n\n\n\n<h3 id=\"quand-partir-en-espagne\" class=\"wp-block-heading\">Quand partir en Espagne&nbsp;?<\/h3>\n\n\n\n<p>L\u2019Espagne b\u00e9n\u00e9ficie d\u2019un<strong> climat m\u00e9diterran\u00e9en qui reste doux et agr\u00e9able toute l\u2019ann\u00e9e<\/strong>. Toutefois, si vous souhaitez profiter d\u2019un<strong> EVG sous le soleil, partez plut\u00f4t entre avril et octobre<\/strong>. \u00c0 Ibiza, vous pourrez m\u00eame patauger dans une eau \u00e0 23\u00b0 entre juin et septembre.<\/p>\n\n\n\n<p>Pensez \u00e0 bien r<strong>\u00e9server votre voyage et vos activit\u00e9s en avance<\/strong> pour profiter des meilleurs prix. Barcelone et Madrid attirent \u00e9norm\u00e9ment de jeunes touristes et de familles pendant la haute saison.<\/p>\n\n\n\n<h3 id=\"comment-se-deplacer-en-espagne\" class=\"wp-block-heading\">Comment se d\u00e9placer en Espagne&nbsp;?<\/h3>\n\n\n\n<p>Si vous partez un week-end ou 3&nbsp;jours et que vous n\u2019\u00eates pas trop nombreux, vous pouvez <strong>vous d\u00e9placer \u00e0 pied ou \u00e0 v\u00e9lo.<\/strong> C\u2019est m\u00eame plut\u00f4t agr\u00e9able. Pensez seulement \u00e0 r<strong>\u00e9server votre transfert depuis l\u2019a\u00e9roport.<\/strong><\/p>\n\n\n\n<p><strong>Les grandes villes d\u2019Espagne sont bien desservies par les transports en commun. <\/strong>\u00c0 Madrid, Valence ou Barcelone, vous pouvez vous d\u00e9placer en bus ou en m\u00e9tro. Achetez des lots de 10&nbsp;tickets ou des pass \u00e0 la journ\u00e9e si vous \u00eates nombreux pour r\u00e9aliser des \u00e9conomies.<\/p>\n\n\n\n<p>Si vous partez plus d\u2019un week-end et que vous pr\u00e9voyez des excursions en dehors du centre-ville, <strong>louez une voiture ou un mini-van sur place<\/strong>. Il faudra ajouter l\u2019essence et la location \u00e0 votre budget, mais vous serez compl\u00e8tement autonomes pour vous d\u00e9placer.<\/p>\n\n\n\n<h3 id=\"ou-reserver-son-voyage-et-son-hebergement\" class=\"wp-block-heading\">O\u00f9 r\u00e9server son voyage et son h\u00e9bergement&nbsp;?<\/h3>\n\n\n\n<p>Pour r\u00e9server votre EVG en Espagne, faites confiance \u00e0<a href=\"https:\/\/blog.trazler.com\/fr\/2024\/04\/03\/reservation-voyage-tout-en-un\/\"> Trazler<\/a>. Votre <strong>agence de voyages en ligne tout-en-un<\/strong> vous permet de <strong>r\u00e9server en quelques clics votre vol, votre logement et votre solution de transfert<\/strong> depuis l\u2019a\u00e9roport.<\/p>\n\n\n\n<p>La plateforme compare pour vous les offres de centaines de partenaires en quelques secondes pour <strong>vous garantir les meilleurs prix<\/strong>. Mixez les solutions \u00e0 l\u2019infini pour <strong>obtenir un voyage sur mesure<\/strong> qui respecte votre enveloppe et vos imp\u00e9ratifs.<\/p>\n\n\n\n<p>Pendant votre r\u00e9servation, Trazler g\u00e9n\u00e8re un ticket \u00e9lectronique pour vous permettre de <strong>garder un \u0153il sur votre budget.<\/strong><\/p>\n\n\n\n<p>Si vous avez des questions ou besoin d&rsquo;aide,<a href=\"https:\/\/trazler.com\/about\/contacts\"> notre assistance<\/a> se tient \u00e0 votre disposition 24\u00a0h\/24 chaque jour de la semaine. Vous pouvez aussi consulter<a href=\"https:\/\/trazler.com\/fr-fr\/about\/help\"> notre FAQ<\/a> pour mieux nous conna\u00eetre et r\u00e9server en toute tranquillit\u00e9.<em>Vous avez d\u00e9sormais toutes les cartes en main pour<\/em><strong><em> organiser un EVG de r\u00eave en Espagne<\/em><\/strong><em>, faire plaisir \u00e0 vos amis et au futur mari\u00e9. N\u2019h\u00e9sitez pas \u00e0 faire un tour sur<\/em><a href=\"https:\/\/blog.trazler.com\/fr\/\"><em> notre blog<\/em><\/a><em> pour d\u00e9couvrir d\u2019autres astuces de voyageur.<\/em><\/p>\n\n\n\n<p><\/p>\n\n\n\n<div class=\"schema-faq wp-block-yoast-faq-block\"><div class=\"schema-faq-section\" id=\"faq-question-1714311924095\"><strong class=\"schema-faq-question\"><strong>Dans quelles villes organiser un EVG en Espagne\u00a0?\u00a0<\/strong><\/strong> <p class=\"schema-faq-answer\">Pour organiser un EVG m\u00e9morable en Espagne, misez sur Madrid, Barcelone, Valence ou l\u2019incontournable archipel Ibiza.\u00a0<\/p> <\/div> <div class=\"schema-faq-section\" id=\"faq-question-1714311979648\"><strong class=\"schema-faq-question\"><strong>Quelles activit\u00e9s pour un EVG en Espagne\u00a0?<\/strong><\/strong> <p class=\"schema-faq-answer\">Pour passer de bons moments entre amis, pensez aux activit\u00e9s nautiques, aux visites culturelles ou \u00e0 une soir\u00e9e dans un tablao pour assister \u00e0 un spectacle de Flamenco.<\/p> <\/div> <div class=\"schema-faq-section\" id=\"faq-question-1714311981034\"><strong class=\"schema-faq-question\"><strong>Quand partir en Espagne\u00a0?\u00a0<\/strong><\/strong> <p class=\"schema-faq-answer\">La p\u00e9riode id\u00e9ale pour profiter de la douceur de l\u2019Espagne se situe entre les mois d\u2019avril et d\u2019octobre.<\/p> <\/div> <\/div>\n","protected":false},"excerpt":{"rendered":"Et si vous choisissiez l\u2019Espagne pour organiser votre Enterrement de Vie de Gar\u00e7on&nbsp;? Cette tradition tr\u00e8s appr\u00e9ci\u00e9e des&hellip;\n","protected":false},"author":15,"featured_media":6100,"comment_status":"closed","ping_status":"closed","sticky":false,"template":"","format":"standard","meta":{"csco_singular_sidebar":"","csco_page_header_type":"","csco_page_load_nextpost":"","csco_post_video_location":[],"csco_post_video_url":"","csco_post_video_bg_start_time":0,"csco_post_video_bg_end_time":0,"footnotes":""},"categories":[91],"tags":[],"class_list":{"0":"post-5817","1":"post","2":"type-post","3":"status-publish","4":"format-standard","5":"has-post-thumbnail","7":"category-europe","8":"cs-entry","9":"cs-video-wrap"},"yoast_head":"<!-- This site is optimized with the Yoast SEO plugin v23.9 - https:\/\/yoast.com\/wordpress\/plugins\/seo\/ -->\n<title>Le guide sur mesure pour organiser un EVG en Espagne<\/title>\n<meta name=\"description\" content=\"D\u00e9couvrez nos conseils incontournables pour organiser un EVG m\u00e9morable en Espagne.\" \/>\n<meta name=\"robots\" content=\"index, follow, max-snippet:-1, max-image-preview:large, max-video-preview:-1\" \/>\n<link rel=\"canonical\" href=\"https:\/\/blog.trazler.com\/fr\/2024\/05\/14\/organiser-evg-espagne\/\" \/>\n<meta property=\"og:locale\" content=\"fr_FR\" \/>\n<meta property=\"og:type\" content=\"article\" \/>\n<meta property=\"og:title\" content=\"Le guide sur mesure pour organiser un EVG en Espagne\" \/>\n<meta property=\"og:description\" content=\"D\u00e9couvrez nos conseils incontournables pour organiser un EVG m\u00e9morable en Espagne.\" \/>\n<meta property=\"og:url\" content=\"https:\/\/blog.trazler.com\/fr\/2024\/05\/14\/organiser-evg-espagne\/\" \/>\n<meta property=\"og:site_name\" content=\"Trazler Blog\" \/>\n<meta property=\"article:published_time\" content=\"2024-05-14T08:00:00+00:00\" \/>\n<meta property=\"article:modified_time\" content=\"2024-08-27T14:31:10+00:00\" \/>\n<meta property=\"og:image\" content=\"https:\/\/blog.trazler.com\/wp-content\/uploads\/2024\/05\/evg-espagne-scaled.jpg\" \/>\n\t<meta property=\"og:image:width\" content=\"2560\" \/>\n\t<meta property=\"og:image:height\" content=\"1707\" \/>\n\t<meta property=\"og:image:type\" content=\"image\/jpeg\" \/>\n<meta name=\"author\" content=\"Coline Levin\" \/>\n<meta name=\"twitter:card\" content=\"summary_large_image\" \/>\n<meta name=\"twitter:label1\" content=\"\u00c9crit par\" \/>\n\t<meta name=\"twitter:data1\" content=\"Coline Levin\" \/>\n\t<meta name=\"twitter:label2\" content=\"Dur\u00e9e de lecture estim\u00e9e\" \/>\n\t<meta name=\"twitter:data2\" content=\"8 minutes\" \/>\n<script type=\"application\/ld+json\" class=\"yoast-schema-graph\">{\"@context\":\"https:\/\/schema.org\",\"@graph\":[{\"@type\":\"Article\",\"@id\":\"https:\/\/blog.trazler.com\/fr\/2024\/05\/14\/organiser-evg-espagne\/#article\",\"isPartOf\":{\"@id\":\"https:\/\/blog.trazler.com\/fr\/2024\/05\/14\/organiser-evg-espagne\/\"},\"author\":{\"name\":\"Coline Levin\",\"@id\":\"https:\/\/blog.trazler.com\/fr\/#\/schema\/person\/197f4b7f98b7b9cc97a12a906b14381b\"},\"headline\":\"Nos conseils pour un EVG inoubliable en Espagne\",\"datePublished\":\"2024-05-14T08:00:00+00:00\",\"dateModified\":\"2024-08-27T14:31:10+00:00\",\"mainEntityOfPage\":{\"@id\":\"https:\/\/blog.trazler.com\/fr\/2024\/05\/14\/organiser-evg-espagne\/\"},\"wordCount\":1583,\"publisher\":{\"@id\":\"https:\/\/blog.trazler.com\/fr\/#organization\"},\"image\":{\"@id\":\"https:\/\/blog.trazler.com\/fr\/2024\/05\/14\/organiser-evg-espagne\/#primaryimage\"},\"thumbnailUrl\":\"https:\/\/blog.trazler.com\/wp-content\/uploads\/2024\/05\/evg-espagne-scaled.jpg\",\"articleSection\":[\"Europe\"],\"inLanguage\":\"fr-FR\"},{\"@type\":[\"WebPage\",\"FAQPage\"],\"@id\":\"https:\/\/blog.trazler.com\/fr\/2024\/05\/14\/organiser-evg-espagne\/\",\"url\":\"https:\/\/blog.trazler.com\/fr\/2024\/05\/14\/organiser-evg-espagne\/\",\"name\":\"Le guide sur mesure pour organiser un EVG en Espagne\",\"isPartOf\":{\"@id\":\"https:\/\/blog.trazler.com\/fr\/#website\"},\"primaryImageOfPage\":{\"@id\":\"https:\/\/blog.trazler.com\/fr\/2024\/05\/14\/organiser-evg-espagne\/#primaryimage\"},\"image\":{\"@id\":\"https:\/\/blog.trazler.com\/fr\/2024\/05\/14\/organiser-evg-espagne\/#primaryimage\"},\"thumbnailUrl\":\"https:\/\/blog.trazler.com\/wp-content\/uploads\/2024\/05\/evg-espagne-scaled.jpg\",\"datePublished\":\"2024-05-14T08:00:00+00:00\",\"dateModified\":\"2024-08-27T14:31:10+00:00\",\"description\":\"D\u00e9couvrez nos conseils incontournables pour organiser un EVG m\u00e9morable en Espagne.\",\"breadcrumb\":{\"@id\":\"https:\/\/blog.trazler.com\/fr\/2024\/05\/14\/organiser-evg-espagne\/#breadcrumb\"},\"mainEntity\":[{\"@id\":\"https:\/\/blog.trazler.com\/fr\/2024\/05\/14\/organiser-evg-espagne\/#faq-question-1714311924095\"},{\"@id\":\"https:\/\/blog.trazler.com\/fr\/2024\/05\/14\/organiser-evg-espagne\/#faq-question-1714311979648\"},{\"@id\":\"https:\/\/blog.trazler.com\/fr\/2024\/05\/14\/organiser-evg-espagne\/#faq-question-1714311981034\"}],\"inLanguage\":\"fr-FR\",\"potentialAction\":[{\"@type\":\"ReadAction\",\"target\":[\"https:\/\/blog.trazler.com\/fr\/2024\/05\/14\/organiser-evg-espagne\/\"]}]},{\"@type\":\"ImageObject\",\"inLanguage\":\"fr-FR\",\"@id\":\"https:\/\/blog.trazler.com\/fr\/2024\/05\/14\/organiser-evg-espagne\/#primaryimage\",\"url\":\"https:\/\/blog.trazler.com\/wp-content\/uploads\/2024\/05\/evg-espagne-scaled.jpg\",\"contentUrl\":\"https:\/\/blog.trazler.com\/wp-content\/uploads\/2024\/05\/evg-espagne-scaled.jpg\",\"width\":2560,\"height\":1707,\"caption\":\"Organiser son EVG destinations\"},{\"@type\":\"BreadcrumbList\",\"@id\":\"https:\/\/blog.trazler.com\/fr\/2024\/05\/14\/organiser-evg-espagne\/#breadcrumb\",\"itemListElement\":[{\"@type\":\"ListItem\",\"position\":1,\"name\":\"Page d'accueil\",\"item\":\"https:\/\/blog.trazler.com\/fr\/\"},{\"@type\":\"ListItem\",\"position\":2,\"name\":\"Europe\",\"item\":\"https:\/\/blog.trazler.com\/fr\/category\/europe\/\"},{\"@type\":\"ListItem\",\"position\":3,\"name\":\"Nos conseils pour un EVG inoubliable en Espagne\"}]},{\"@type\":\"WebSite\",\"@id\":\"https:\/\/blog.trazler.com\/fr\/#website\",\"url\":\"https:\/\/blog.trazler.com\/fr\/\",\"name\":\"Trazler Blog\",\"description\":\"Book smart, travel simple\",\"publisher\":{\"@id\":\"https:\/\/blog.trazler.com\/fr\/#organization\"},\"alternateName\":\"Trazler travels\",\"potentialAction\":[{\"@type\":\"SearchAction\",\"target\":{\"@type\":\"EntryPoint\",\"urlTemplate\":\"https:\/\/blog.trazler.com\/fr\/?s={search_term_string}\"},\"query-input\":{\"@type\":\"PropertyValueSpecification\",\"valueRequired\":true,\"valueName\":\"search_term_string\"}}],\"inLanguage\":\"fr-FR\"},{\"@type\":\"Organization\",\"@id\":\"https:\/\/blog.trazler.com\/fr\/#organization\",\"name\":\"Trazler Blog\",\"alternateName\":\"Trazler travel\",\"url\":\"https:\/\/blog.trazler.com\/fr\/\",\"logo\":{\"@type\":\"ImageObject\",\"inLanguage\":\"fr-FR\",\"@id\":\"https:\/\/blog.trazler.com\/fr\/#\/schema\/logo\/image\/\",\"url\":\"https:\/\/blog.trazler.com\/wp-content\/uploads\/2022\/12\/Group-237718.png\",\"contentUrl\":\"https:\/\/blog.trazler.com\/wp-content\/uploads\/2022\/12\/Group-237718.png\",\"width\":262,\"height\":28,\"caption\":\"Trazler Blog\"},\"image\":{\"@id\":\"https:\/\/blog.trazler.com\/fr\/#\/schema\/logo\/image\/\"}},{\"@type\":\"Person\",\"@id\":\"https:\/\/blog.trazler.com\/fr\/#\/schema\/person\/197f4b7f98b7b9cc97a12a906b14381b\",\"name\":\"Coline Levin\",\"image\":{\"@type\":\"ImageObject\",\"inLanguage\":\"fr-FR\",\"@id\":\"https:\/\/blog.trazler.com\/fr\/#\/schema\/person\/image\/\",\"url\":\"https:\/\/secure.gravatar.com\/avatar\/e2a64786e0ee1f4edc2a7681581d60c0?s=96&d=mm&r=g\",\"contentUrl\":\"https:\/\/secure.gravatar.com\/avatar\/e2a64786e0ee1f4edc2a7681581d60c0?s=96&d=mm&r=g\",\"caption\":\"Coline Levin\"},\"description\":\"Consultante en France, passionn\u00e9e d\u2019\u00e9criture, de voyages et de podcasts. Ne se lasse pas de d\u00e9couvrir de nouvelles cultures et r\u00e9cemment tomb\u00e9e amoureuse du Canada.\",\"url\":\"https:\/\/blog.trazler.com\/fr\/author\/coline\/\"},{\"@type\":\"Question\",\"@id\":\"https:\/\/blog.trazler.com\/fr\/2024\/05\/14\/organiser-evg-espagne\/#faq-question-1714311924095\",\"position\":1,\"url\":\"https:\/\/blog.trazler.com\/fr\/2024\/05\/14\/organiser-evg-espagne\/#faq-question-1714311924095\",\"name\":\"Dans quelles villes organiser un EVG en Espagne\u00a0?\u00a0\",\"answerCount\":1,\"acceptedAnswer\":{\"@type\":\"Answer\",\"text\":\"Pour organiser un EVG m\u00e9morable en Espagne, misez sur Madrid, Barcelone, Valence ou l\u2019incontournable archipel Ibiza.\u00a0\",\"inLanguage\":\"fr-FR\"},\"inLanguage\":\"fr-FR\"},{\"@type\":\"Question\",\"@id\":\"https:\/\/blog.trazler.com\/fr\/2024\/05\/14\/organiser-evg-espagne\/#faq-question-1714311979648\",\"position\":2,\"url\":\"https:\/\/blog.trazler.com\/fr\/2024\/05\/14\/organiser-evg-espagne\/#faq-question-1714311979648\",\"name\":\"Quelles activit\u00e9s pour un EVG en Espagne\u00a0?\",\"answerCount\":1,\"acceptedAnswer\":{\"@type\":\"Answer\",\"text\":\"Pour passer de bons moments entre amis, pensez aux activit\u00e9s nautiques, aux visites culturelles ou \u00e0 une soir\u00e9e dans un tablao pour assister \u00e0 un spectacle de Flamenco.\",\"inLanguage\":\"fr-FR\"},\"inLanguage\":\"fr-FR\"},{\"@type\":\"Question\",\"@id\":\"https:\/\/blog.trazler.com\/fr\/2024\/05\/14\/organiser-evg-espagne\/#faq-question-1714311981034\",\"position\":3,\"url\":\"https:\/\/blog.trazler.com\/fr\/2024\/05\/14\/organiser-evg-espagne\/#faq-question-1714311981034\",\"name\":\"Quand partir en Espagne\u00a0?\u00a0\",\"answerCount\":1,\"acceptedAnswer\":{\"@type\":\"Answer\",\"text\":\"La p\u00e9riode id\u00e9ale pour profiter de la douceur de l\u2019Espagne se situe entre les mois d\u2019avril et d\u2019octobre.\",\"inLanguage\":\"fr-FR\"},\"inLanguage\":\"fr-FR\"}]}<\/script>\n<!-- \/ Yoast SEO plugin. -->","yoast_head_json":{"title":"Le guide sur mesure pour organiser un EVG en Espagne","description":"D\u00e9couvrez nos conseils incontournables pour organiser un EVG m\u00e9morable en Espagne.","robots":{"index":"index","follow":"follow","max-snippet":"max-snippet:-1","max-image-preview":"max-image-preview:large","max-video-preview":"max-video-preview:-1"},"canonical":"https:\/\/blog.trazler.com\/fr\/2024\/05\/14\/organiser-evg-espagne\/","og_locale":"fr_FR","og_type":"article","og_title":"Le guide sur mesure pour organiser un EVG en Espagne","og_description":"D\u00e9couvrez nos conseils incontournables pour organiser un EVG m\u00e9morable en Espagne.","og_url":"https:\/\/blog.trazler.com\/fr\/2024\/05\/14\/organiser-evg-espagne\/","og_site_name":"Trazler Blog","article_published_time":"2024-05-14T08:00:00+00:00","article_modified_time":"2024-08-27T14:31:10+00:00","og_image":[{"width":2560,"height":1707,"url":"https:\/\/blog.trazler.com\/wp-content\/uploads\/2024\/05\/evg-espagne-scaled.jpg","type":"image\/jpeg"}],"author":"Coline Levin","twitter_card":"summary_large_image","twitter_misc":{"\u00c9crit par":"Coline Levin","Dur\u00e9e de lecture estim\u00e9e":"8 minutes"},"schema":{"@context":"https:\/\/schema.org","@graph":[{"@type":"Article","@id":"https:\/\/blog.trazler.com\/fr\/2024\/05\/14\/organiser-evg-espagne\/#article","isPartOf":{"@id":"https:\/\/blog.trazler.com\/fr\/2024\/05\/14\/organiser-evg-espagne\/"},"author":{"name":"Coline Levin","@id":"https:\/\/blog.trazler.com\/fr\/#\/schema\/person\/197f4b7f98b7b9cc97a12a906b14381b"},"headline":"Nos conseils pour un EVG inoubliable en Espagne","datePublished":"2024-05-14T08:00:00+00:00","dateModified":"2024-08-27T14:31:10+00:00","mainEntityOfPage":{"@id":"https:\/\/blog.trazler.com\/fr\/2024\/05\/14\/organiser-evg-espagne\/"},"wordCount":1583,"publisher":{"@id":"https:\/\/blog.trazler.com\/fr\/#organization"},"image":{"@id":"https:\/\/blog.trazler.com\/fr\/2024\/05\/14\/organiser-evg-espagne\/#primaryimage"},"thumbnailUrl":"https:\/\/blog.trazler.com\/wp-content\/uploads\/2024\/05\/evg-espagne-scaled.jpg","articleSection":["Europe"],"inLanguage":"fr-FR"},{"@type":["WebPage","FAQPage"],"@id":"https:\/\/blog.trazler.com\/fr\/2024\/05\/14\/organiser-evg-espagne\/","url":"https:\/\/blog.trazler.com\/fr\/2024\/05\/14\/organiser-evg-espagne\/","name":"Le guide sur mesure pour organiser un EVG en Espagne","isPartOf":{"@id":"https:\/\/blog.trazler.com\/fr\/#website"},"primaryImageOfPage":{"@id":"https:\/\/blog.trazler.com\/fr\/2024\/05\/14\/organiser-evg-espagne\/#primaryimage"},"image":{"@id":"https:\/\/blog.trazler.com\/fr\/2024\/05\/14\/organiser-evg-espagne\/#primaryimage"},"thumbnailUrl":"https:\/\/blog.trazler.com\/wp-content\/uploads\/2024\/05\/evg-espagne-scaled.jpg","datePublished":"2024-05-14T08:00:00+00:00","dateModified":"2024-08-27T14:31:10+00:00","description":"D\u00e9couvrez nos conseils incontournables pour organiser un EVG m\u00e9morable en Espagne.","breadcrumb":{"@id":"https:\/\/blog.trazler.com\/fr\/2024\/05\/14\/organiser-evg-espagne\/#breadcrumb"},"mainEntity":[{"@id":"https:\/\/blog.trazler.com\/fr\/2024\/05\/14\/organiser-evg-espagne\/#faq-question-1714311924095"},{"@id":"https:\/\/blog.trazler.com\/fr\/2024\/05\/14\/organiser-evg-espagne\/#faq-question-1714311979648"},{"@id":"https:\/\/blog.trazler.com\/fr\/2024\/05\/14\/organiser-evg-espagne\/#faq-question-1714311981034"}],"inLanguage":"fr-FR","potentialAction":[{"@type":"ReadAction","target":["https:\/\/blog.trazler.com\/fr\/2024\/05\/14\/organiser-evg-espagne\/"]}]},{"@type":"ImageObject","inLanguage":"fr-FR","@id":"https:\/\/blog.trazler.com\/fr\/2024\/05\/14\/organiser-evg-espagne\/#primaryimage","url":"https:\/\/blog.trazler.com\/wp-content\/uploads\/2024\/05\/evg-espagne-scaled.jpg","contentUrl":"https:\/\/blog.trazler.com\/wp-content\/uploads\/2024\/05\/evg-espagne-scaled.jpg","width":2560,"height":1707,"caption":"Organiser son EVG destinations"},{"@type":"BreadcrumbList","@id":"https:\/\/blog.trazler.com\/fr\/2024\/05\/14\/organiser-evg-espagne\/#breadcrumb","itemListElement":[{"@type":"ListItem","position":1,"name":"Page d'accueil","item":"https:\/\/blog.trazler.com\/fr\/"},{"@type":"ListItem","position":2,"name":"Europe","item":"https:\/\/blog.trazler.com\/fr\/category\/europe\/"},{"@type":"ListItem","position":3,"name":"Nos conseils pour un EVG inoubliable en Espagne"}]},{"@type":"WebSite","@id":"https:\/\/blog.trazler.com\/fr\/#website","url":"https:\/\/blog.trazler.com\/fr\/","name":"Trazler Blog","description":"Book smart, travel simple","publisher":{"@id":"https:\/\/blog.trazler.com\/fr\/#organization"},"alternateName":"Trazler travels","potentialAction":[{"@type":"SearchAction","target":{"@type":"EntryPoint","urlTemplate":"https:\/\/blog.trazler.com\/fr\/?s={search_term_string}"},"query-input":{"@type":"PropertyValueSpecification","valueRequired":true,"valueName":"search_term_string"}}],"inLanguage":"fr-FR"},{"@type":"Organization","@id":"https:\/\/blog.trazler.com\/fr\/#organization","name":"Trazler Blog","alternateName":"Trazler travel","url":"https:\/\/blog.trazler.com\/fr\/","logo":{"@type":"ImageObject","inLanguage":"fr-FR","@id":"https:\/\/blog.trazler.com\/fr\/#\/schema\/logo\/image\/","url":"https:\/\/blog.trazler.com\/wp-content\/uploads\/2022\/12\/Group-237718.png","contentUrl":"https:\/\/blog.trazler.com\/wp-content\/uploads\/2022\/12\/Group-237718.png","width":262,"height":28,"caption":"Trazler Blog"},"image":{"@id":"https:\/\/blog.trazler.com\/fr\/#\/schema\/logo\/image\/"}},{"@type":"Person","@id":"https:\/\/blog.trazler.com\/fr\/#\/schema\/person\/197f4b7f98b7b9cc97a12a906b14381b","name":"Coline Levin","image":{"@type":"ImageObject","inLanguage":"fr-FR","@id":"https:\/\/blog.trazler.com\/fr\/#\/schema\/person\/image\/","url":"https:\/\/secure.gravatar.com\/avatar\/e2a64786e0ee1f4edc2a7681581d60c0?s=96&d=mm&r=g","contentUrl":"https:\/\/secure.gravatar.com\/avatar\/e2a64786e0ee1f4edc2a7681581d60c0?s=96&d=mm&r=g","caption":"Coline Levin"},"description":"Consultante en France, passionn\u00e9e d\u2019\u00e9criture, de voyages et de podcasts. Ne se lasse pas de d\u00e9couvrir de nouvelles cultures et r\u00e9cemment tomb\u00e9e amoureuse du Canada.","url":"https:\/\/blog.trazler.com\/fr\/author\/coline\/"},{"@type":"Question","@id":"https:\/\/blog.trazler.com\/fr\/2024\/05\/14\/organiser-evg-espagne\/#faq-question-1714311924095","position":1,"url":"https:\/\/blog.trazler.com\/fr\/2024\/05\/14\/organiser-evg-espagne\/#faq-question-1714311924095","name":"Dans quelles villes organiser un EVG en Espagne\u00a0?\u00a0","answerCount":1,"acceptedAnswer":{"@type":"Answer","text":"Pour organiser un EVG m\u00e9morable en Espagne, misez sur Madrid, Barcelone, Valence ou l\u2019incontournable archipel Ibiza.\u00a0","inLanguage":"fr-FR"},"inLanguage":"fr-FR"},{"@type":"Question","@id":"https:\/\/blog.trazler.com\/fr\/2024\/05\/14\/organiser-evg-espagne\/#faq-question-1714311979648","position":2,"url":"https:\/\/blog.trazler.com\/fr\/2024\/05\/14\/organiser-evg-espagne\/#faq-question-1714311979648","name":"Quelles activit\u00e9s pour un EVG en Espagne\u00a0?","answerCount":1,"acceptedAnswer":{"@type":"Answer","text":"Pour passer de bons moments entre amis, pensez aux activit\u00e9s nautiques, aux visites culturelles ou \u00e0 une soir\u00e9e dans un tablao pour assister \u00e0 un spectacle de Flamenco.","inLanguage":"fr-FR"},"inLanguage":"fr-FR"},{"@type":"Question","@id":"https:\/\/blog.trazler.com\/fr\/2024\/05\/14\/organiser-evg-espagne\/#faq-question-1714311981034","position":3,"url":"https:\/\/blog.trazler.com\/fr\/2024\/05\/14\/organiser-evg-espagne\/#faq-question-1714311981034","name":"Quand partir en Espagne\u00a0?\u00a0","answerCount":1,"acceptedAnswer":{"@type":"Answer","text":"La p\u00e9riode id\u00e9ale pour profiter de la douceur de l\u2019Espagne se situe entre les mois d\u2019avril et d\u2019octobre.","inLanguage":"fr-FR"},"inLanguage":"fr-FR"}]}},"_links":{"self":[{"href":"https:\/\/blog.trazler.com\/fr\/wp-json\/wp\/v2\/posts\/5817","targetHints":{"allow":["GET"]}}],"collection":[{"href":"https:\/\/blog.trazler.com\/fr\/wp-json\/wp\/v2\/posts"}],"about":[{"href":"https:\/\/blog.trazler.com\/fr\/wp-json\/wp\/v2\/types\/post"}],"author":[{"embeddable":true,"href":"https:\/\/blog.trazler.com\/fr\/wp-json\/wp\/v2\/users\/15"}],"replies":[{"embeddable":true,"href":"https:\/\/blog.trazler.com\/fr\/wp-json\/wp\/v2\/comments?post=5817"}],"version-history":[{"count":2,"href":"https:\/\/blog.trazler.com\/fr\/wp-json\/wp\/v2\/posts\/5817\/revisions"}],"predecessor-version":[{"id":5853,"href":"https:\/\/blog.trazler.com\/fr\/wp-json\/wp\/v2\/posts\/5817\/revisions\/5853"}],"wp:featuredmedia":[{"embeddable":true,"href":"https:\/\/blog.trazler.com\/fr\/wp-json\/wp\/v2\/media\/6100"}],"wp:attachment":[{"href":"https:\/\/blog.trazler.com\/fr\/wp-json\/wp\/v2\/media?parent=5817"}],"wp:term":[{"taxonomy":"category","embeddable":true,"href":"https:\/\/blog.trazler.com\/fr\/wp-json\/wp\/v2\/categories?post=5817"},{"taxonomy":"post_tag","embeddable":true,"href":"https:\/\/blog.trazler.com\/fr\/wp-json\/wp\/v2\/tags?post=5817"}],"curies":[{"name":"wp","href":"https:\/\/api.w.org\/{rel}","templated":true}]}}