{"id":5506,"date":"2023-12-22T18:38:28","date_gmt":"2023-12-22T18:38:28","guid":{"rendered":"https:\/\/blog.trazler.com\/?p=5506"},"modified":"2024-08-10T14:32:50","modified_gmt":"2024-08-10T14:32:50","slug":"marche-de-noel-bruxelles","status":"publish","type":"post","link":"https:\/\/blog.trazler.com\/fr\/2023\/12\/22\/marche-de-noel-bruxelles\/","title":{"rendered":"Organiser son s\u00e9jour au march\u00e9 de No\u00ebl de Bruxelles"},"content":{"rendered":"\n<p><em>Et si, cette ann\u00e9e, vous<\/em><strong><em> f\u00eatiez No\u00ebl \u00e0 Bruxelles&nbsp;<\/em><\/strong><em>? \u00c0 cette p\u00e9riode, la capitale de la Belgique attire des visiteurs venus des 4&nbsp;coins de l\u2019Europe venus d\u00e9couvrir<\/em><strong><em> un des plus beaux march\u00e9s de No\u00ebl d\u2019Europe<\/em><\/strong><em>. C\u2019est le rendez-vous id\u00e9al pour <\/em><strong><em>passer des f\u00eates inoubliables en famille ou entre amis.<\/em><\/strong><\/p>\n\n\n\n<p><em>Trazler vous livre ses conseils pour <\/em><strong><em>vous rendre \u00e0 Bruxelles, y loger et profiter pleinement de l\u2019\u00e9v\u00e8nement.<\/em><\/strong><\/p>\n\n\n\n<h2 id=\"les-plus-beaux-marches-de-noel-en-europe\" class=\"wp-block-heading\">Les plus beaux march\u00e9s de No\u00ebl en Europe<\/h2>\n\n\n\n<h3 id=\"le-marche-de-noel-de-bruxelles\" class=\"wp-block-heading\">Le march\u00e9 de No\u00ebl de Bruxelles<\/h3>\n\n\n\n<p>Bruxelles accueille chaque ann\u00e9e l\u2019un des plus beaux march\u00e9s de No\u00ebl. <strong>Plus de 200\u00a0chalets <\/strong>proposent des <strong>d\u00e9couvertes artisanales et culinaires d\u00e8s fin novembre<\/strong>. Diff\u00e9rentes activit\u00e9s comme la grande roue, le curling ou la patinoire font le bonheur des adultes comme des plus petits.<\/p>\n\n\n\n<p>La Grand-Place embl\u00e9matique s\u2019illumine pour l\u2019occasion. Chaque soir,<strong> un spectacle son et lumi\u00e8re<\/strong> permet aux visiteurs d\u2019admirer les b\u00e2timents historiques sous de nouvelles couleurs.<\/p>\n\n\n\n<h3 id=\"le-marche-de-noel-de-prague\" class=\"wp-block-heading\">Le march\u00e9 de No\u00ebl de Prague<\/h3>\n\n\n\n<p>La capitale tch\u00e8que est connue pour ses march\u00e9s de No\u00ebl spectaculaires. 5 d\u2019entre eux sont localis\u00e9s dans le centre historique de la ville.<strong> Le plus \u00e9poustouflant est situ\u00e9 sur la place Vieille-ville<\/strong>, autour d\u2019un gigantesque sapin de No\u00ebl de 25&nbsp;m de haut.<\/p>\n\n\n\n<p>Les chalets install\u00e9s pour l\u2019occasion permettent aux visiteurs de <strong>d\u00e9couvrir l\u2019artisanat local jusqu\u2019au 6&nbsp;janvier&nbsp;<\/strong>: la dentelle aux fuseaux, la c\u00e9ramique, les d\u00e9corations de No\u00ebl, les jouets faits main. Le patrimoine tch\u00e8que est \u00e0 l\u2019honneur.<\/p>\n\n\n\n<h3 id=\"le-marche-de-noel-de-strasbourg\" class=\"wp-block-heading\">Le march\u00e9 de No\u00ebl de Strasbourg<\/h3>\n\n\n\n<p><a href=\"https:\/\/noel.strasbourg.eu\/le-marche-de-noel-de-strasbourg\">Le march\u00e9 de No\u00ebl de Strasbourg<\/a> est le plus c\u00e9l\u00e8bre de France. Ses <strong>300&nbsp;chalets r\u00e9partis sur les diff\u00e9rentes places de la ville<\/strong> vous permettent de d\u00e9couvrir l\u2019artisanat alsacien. \u00c0 partir du 24&nbsp;novembre et jusqu\u2019\u00e0 la veille de No\u00ebl, le grand sapin s\u2019illumine toutes les heures d\u00e8s 16h.&nbsp;&nbsp;&nbsp;<\/p>\n\n\n\n<h3 id=\"le-marche-de-noel-a-vienne\" class=\"wp-block-heading\">Le march\u00e9 de No\u00ebl \u00e0 Vienne<\/h3>\n\n\n\n<p>D\u00e8s fin novembre,<strong> Vienne se transforme en v\u00e9ritable village de No\u00ebl<\/strong>. Ses <strong>12&nbsp;march\u00e9s<\/strong> sont situ\u00e9s surtout dans la vieille ville ou sur le boulevard Ringstrass et accueillent les visiteurs<strong> de 11h \u00e0 21h jusqu\u2019au 23&nbsp;d\u00e9cembre<\/strong>. Vous pouvez notamment y d\u00e9guster du vin chaud et go\u00fbter aux gourmandises locales.<\/p>\n\n\n\n<h2 id=\"ce-quil-faut-savoir-sur-le-marche-de-noel-de-bruxelles\" class=\"wp-block-heading\">Ce qu\u2019il faut savoir sur le march\u00e9 de No\u00ebl de Bruxelles<\/h2>\n\n\n\n<h3 id=\"les-infos-pratiques\" class=\"wp-block-heading\">Les infos pratiques<\/h3>\n\n\n\n<p>Bruxelles accueille en r\u00e9alit\u00e9<strong> plusieurs march\u00e9s de No\u00ebl situ\u00e9s dans le c\u0153ur de ville<\/strong>, aussi appel\u00e9 Pentagone. Ils sont ouverts <strong>chaque jour du 24&nbsp;novembre au 31&nbsp;d\u00e9cembre de 12h \u00e0 22h.<\/strong> Vous les trouverez facilement sur les places embl\u00e9matiques de la capitale&nbsp;:&nbsp;<\/p>\n\n\n\n<ul class=\"wp-block-list\">\n<li>Grand-Place&nbsp;;<\/li>\n\n\n\n<li>March\u00e9 aux Poissons&nbsp;;<\/li>\n\n\n\n<li>Place de la Bourse&nbsp;;<\/li>\n\n\n\n<li>Place Sainte-Catherine&nbsp;;<\/li>\n\n\n\n<li>Place de la Monnaie.<\/li>\n<\/ul>\n\n\n\n<p>Ces march\u00e9s de No\u00ebl font <strong>partie du grand \u00e9v\u00e8nement \u00ab&nbsp;Les plaisirs d\u2019hiver&nbsp;\u00bb<\/strong> organis\u00e9 chaque ann\u00e9e par la ville pour c\u00e9l\u00e9brer la fin d\u2019ann\u00e9e. \u00c0 cette occasion, vous pouvez aussi <strong>participer \u00e0 des attractions, assister \u00e0 la Grande Parade et profiter du spectacle son et lumi\u00e8re <\/strong>propos\u00e9 chaque soir sur la Grand-Place.<\/p>\n\n\n\n<p>Bruxelles n\u2019est pas tr\u00e8s \u00e9tendue, vous pouvez donc facilement<strong> passer d\u2019une place \u00e0 l\u2019autre \u00e0 pied ou en m\u00e9tro. <\/strong>Il n\u2019est pas n\u00e9cessaire de louer une voiture pour profiter pleinement de l\u2019exp\u00e9rience.<\/p>\n\n\n\n<h3 id=\"les-temps-forts-du-marche-de-noel-de-bruxelles-2022\" class=\"wp-block-heading\">Les temps forts du march\u00e9 de No\u00ebl de Bruxelles&nbsp;2022<\/h3>\n\n\n\n<p>En 2022, <strong>la 22<\/strong><strong><sup>e&nbsp;<\/sup><\/strong><strong>\u00e9dition des Plaisirs d\u2019Hiver avait accueilli pr\u00e8s de 2&nbsp;millions de visiteurs<\/strong>, venus de toute l\u2019Europe. Les march\u00e9s de cr\u00e9ateurs install\u00e9s dans les halles Saint-G\u00e9ry avaient marqu\u00e9 les esprits. L\u2019immense sapin et le spectacle des lumi\u00e8res sur la Grand-Place avaient s\u00e9duit les visiteurs&nbsp;: une formule gagnante qui revient cette ann\u00e9e, pour notre plus grand plaisir.&nbsp;&nbsp;<\/p>\n\n\n\n<figure class=\"wp-block-image\"><img decoding=\"async\" src=\"https:\/\/lh7-us.googleusercontent.com\/lmlCtLKVPWBYVdnkLXAJ-sawR4ACLIcTM26_69oxTIdTRcdbEP5AAxOk5FL-r0qfT9mOwqqEzthrxxChM6yO_m6rHEcgiM7NchoD6bXnGt7pchfgQqC5EjeGC5px37wbykI8YanYNTi7x1XBqY9WYlg\" alt=\"Organiser son s\u00e9jour au march\u00e9 de No\u00ebl de Bruxelles 1\"\/><\/figure>\n\n\n\n<h2 id=\"marche-de-noel-de-bruxelles-en-2023-le-planning-detaille\" class=\"wp-block-heading\">March\u00e9 de No\u00ebl de Bruxelles en 2023&nbsp;: le planning d\u00e9taill\u00e9<\/h2>\n\n\n\n<p>Voici un <strong>r\u00e9capitulatif des \u00e9v\u00e8nements \u00e0 ne pas manquer<\/strong> aux Plaisirs d\u2019Hiver&nbsp;2023 de Bruxelles.<\/p>\n\n\n\n<figure class=\"wp-block-table\"><table><tbody><tr><td>\u00c9v\u00e8nement<\/td><td>Date<\/td><\/tr><tr><td>Chalets de No\u00ebl<\/td><td>Du 24\/11 au 31\/12Tous les jours de 12h \u00e0 22h24\/12 et 31\/12 jusqu\u2019\u00e0 18 h<\/td><\/tr><tr><td>Sapin sur la Grand-Place<\/td><td>Du 24\/11 au 7\/01<\/td><\/tr><tr><td>Spectacle son et lumi\u00e8re<\/td><td>Du lundi au jeudi&nbsp;: toutes les heures de 17h \u00e0 22hDu vendredi au dimanche&nbsp;: toutes les 30&nbsp;min de 17h \u00e0 22hPas de spectacle le 24\/12 et le 31\/12<\/td><\/tr><tr><td>Magic Sundays \u2013 spectacle d\u2019humour et de magie<\/td><td>28\/11 de 14h30 \u00e0 15h3010\/12 de 14h30 \u00e0 15h30<\/td><\/tr><tr><td>Winter Vox \u2013 Chorale<\/td><td>02\/12 de 16h \u00e0 20h03\/12 de 16h \u00e0 20h16\/12 de 16h \u00e0 20h17\/12 de 16h \u00e0 20h<\/td><\/tr><tr><td>Rencontre Saint-Nicolas<\/td><td>06\/12 de 14h30 \u00e0 17h30<\/td><\/tr><tr><td>Rencontre P\u00e8re No\u00ebl<\/td><td>23\/12 de 14h30 \u00e0 18h<\/td><\/tr><tr><td><a href=\"https:\/\/www.plaisirsdhiver.be\/attractions\/\">Animations<\/a> (patinoire, curling, man\u00e8ges)<\/td><td>Jusqu\u2019au 07\/01\/2024 de 12h \u00e0 22h<\/td><\/tr><\/tbody><\/table><\/figure>\n\n\n\n<h2 id=\"astuces-pour-organiser-son-sejour-a-bruxelles\" class=\"wp-block-heading\">Astuces pour organiser son s\u00e9jour \u00e0 Bruxelles<\/h2>\n\n\n\n<h3 id=\"comment-se-rendre-a-bruxelles\" class=\"wp-block-heading\">Comment se rendre \u00e0 Bruxelles&nbsp;?<\/h3>\n\n\n\n<p>Pour vous rendre \u00e0 Bruxelles, plusieurs options s\u2019offrent \u00e0 vous.<strong> Le<\/strong><a href=\"https:\/\/www.eurostar.com\/fr-fr\/voyage\/en-route\/en-gare\/bruxelles-midi\"><strong> <\/strong><strong>train Eurostar<\/strong><\/a><strong> (anciennement Thalys) pr\u00e9voit plusieurs trajets quotidiens<\/strong> depuis la gare du Nord de Paris. Vous atteignez la gare du Midi de Bruxelles en moins de 1h30.<\/p>\n\n\n\n<p>Vous pouvez aussi<a href=\"https:\/\/trazler.com\/about\/about.html?lang=fr-fr\"> partir avec Trazler<\/a> et<strong> r\u00e9server l\u2019ensemble de votre s\u00e9jour sur une seule plateforme<\/strong>.<\/p>\n\n\n\n<p>L\u2019agence en ligne vous accompagne dans le<strong> choix de votre vol, votre h\u00e9bergement et votre solution de transfert<\/strong> depuis l\u2019a\u00e9roport. Trazler compare les offres de centaines de partenaires en quelques secondes. Vous choisissez les formules qui vous conviennent pour un voyage sur mesure au meilleur prix.<\/p>\n\n\n\n<h3 id=\"ou-loger-a-bruxelles\" class=\"wp-block-heading\">O\u00f9 loger \u00e0 Bruxelles&nbsp;?<\/h3>\n\n\n\n<p>Bruxelles regorge d\u2019h\u00f4tels en tout genre. Que vous partiez en famille, entre amis ou en amoureux, vous trouverez forc\u00e9ment l\u2019option qui vous convient.<\/p>\n\n\n\n<p><strong>Le<\/strong><a href=\"https:\/\/www.marriott.com\/fr\/hotels\/bruoc-moxy-brussels-city-center\/overview\/\"><strong> <\/strong><\/a><strong>Moxy Brussels City Center est not\u00e9 9,3 par les voyageurs Trazler. <\/strong>Il est situ\u00e9 \u00e0 Ixelles, \u00e0 800\u00a0m du palais Royal de Bruxelles, dans un quartier calme et bien desservi. Le Moxy vous accueille dans un<strong> cadre moderne et vous fait profiter de ses chambres spacieuses et bien \u00e9quip\u00e9es<\/strong>. Petit bonus\u00a0: les animaux de compagnie sont admis\u00a0!<\/p>\n\n\n\n<figure class=\"wp-block-image\"><img decoding=\"async\" src=\"https:\/\/lh7-us.googleusercontent.com\/lEB95Qj5tkVBgqJHNfNR4fjTVybncFcVfGSxFyeZiOvT5wiuV3WG9agHZ3xJGWTXToxkKrRSbD4jBWtDfOdAb-m2ZZk_ZT77ksm2nlRPMhFnrqKlagmlE74jXIpz4U1L7k6JC52yhir_0cW7DENYAmw\" alt=\"Organiser son s\u00e9jour au march\u00e9 de No\u00ebl de Bruxelles 2\"\/><\/figure>\n\n\n\n<p>L\u2019Hotel Amigo not\u00e9\u00a09,2 par les voyageurs Trazler est un h\u00f4tel 5 \u00e9toiles. Situ\u00e9 \u00e0 l\u2019angle de la Grand-Place, \u00e0 200\u00a0m du Manneken-Pis, <strong>il est probablement l\u2019h\u00f4tel le mieux plac\u00e9 de la ville pour profiter du march\u00e9 de No\u00ebl<\/strong>. C\u2019est l\u2019option id\u00e9ale pour s\u2019offrir un s\u00e9jour en amoureux et profiter d\u2019un service d\u2019excellence.<\/p>\n\n\n\n<figure class=\"wp-block-image\"><img decoding=\"async\" src=\"https:\/\/lh7-us.googleusercontent.com\/js_77TYA4CDHXbGxMaXLId3e40OnnELyfaeSlE7bA3WuWZUqdtfSAv_HsEURO9LqgR0Kgani07ck9fL0ejUJ-7ZQYR5KuwwHDWR-oBmFCYzk44zLRQ5tKVge6_XbQoJb1ZkqR10NEh70uD8QZ1A_4pg\" alt=\"Organiser son s\u00e9jour au march\u00e9 de No\u00ebl de Bruxelles 3\"\/><\/figure>\n\n\n\n<p>Si vous \u00eates plut\u00f4t <strong>adepte des cadres hors du commun<\/strong>, d\u00e9couvrez notre s\u00e9lection des 10\u00a0h\u00e9bergements atypiques en Belgique.<\/p>\n\n\n\n<h3 id=\"nos-conseils-pour-un-noel-a-bruxelles\" class=\"wp-block-heading\">Nos conseils pour un No\u00ebl \u00e0 Bruxelles<\/h3>\n\n\n\n<p>Le <strong>march\u00e9 de No\u00ebl de Bruxelles<\/strong> est un temps fort \u00e0 ne pas manquer si vous souhaitez vous \u00e9vader en famille pour les f\u00eates. <strong>L\u2019\u00e9v\u00e8nement est adapt\u00e9 \u00e0 toutes les g\u00e9n\u00e9rations<\/strong> et vous laissera un souvenir imp\u00e9rissable.<\/p>\n\n\n\n<p>Pour admirer pleinement la Grand-Place, pensez \u00e0 vous lever t\u00f4t. Le site est vite envahi par une horde de touristes venue d\u00e9couvrir les b\u00e2tisses majestueuses. Et si vous vous \u00eates lev\u00e9s \u00e0 l\u2019aube,<strong> profitez d\u2019un lev\u00e9 de soleil depuis le mont des arts<\/strong>. Et pourquoi pas <strong>d\u00e9guster une gaufre de Bruxelles pour le petit d\u00e9jeuner&nbsp;<\/strong>? C\u2019est un excellent programme pour s\u2019impr\u00e9gner de la magie de No\u00ebl \u00e0 Bruxelles.<\/p>\n\n\n\n<h2 id=\"conclusion\" class=\"wp-block-heading\">Conclusion<\/h2>\n\n\n\n<p><em>Le <\/em><strong><em>march\u00e9 de No\u00ebl de Bruxelles <\/em><\/strong><em>est un v\u00e9ritable \u00e9v\u00e8nement qui s\u00e9duit chaque ann\u00e9e petits et grands. Vous avez d\u00e9sormais toutes les cartes en main pour <\/em><strong><em>vous concocter le meilleur s\u00e9jour <\/em><\/strong><em>et passer des f\u00eates inoubliables.<\/em><\/p>\n\n\n\n<p><em>En qu\u00eate d\u2019inspiration voyage ou de conseils&nbsp;? N\u2019h\u00e9sitez pas \u00e0 visiter notre<\/em><a href=\"https:\/\/blog.trazler.com\/fr\/\"><em> blog<\/em><\/a><em>.&nbsp;<\/em><\/p>\n","protected":false},"excerpt":{"rendered":"Et si, cette ann\u00e9e, vous f\u00eatiez No\u00ebl \u00e0 Bruxelles&nbsp;? \u00c0 cette p\u00e9riode, la capitale de la Belgique attire&hellip;\n","protected":false},"author":15,"featured_media":5507,"comment_status":"closed","ping_status":"closed","sticky":false,"template":"","format":"standard","meta":{"csco_singular_sidebar":"","csco_page_header_type":"","csco_page_load_nextpost":"","csco_post_video_location":[],"csco_post_video_url":"","csco_post_video_bg_start_time":0,"csco_post_video_bg_end_time":0,"footnotes":""},"categories":[91],"tags":[],"class_list":{"0":"post-5506","1":"post","2":"type-post","3":"status-publish","4":"format-standard","5":"has-post-thumbnail","7":"category-europe","8":"cs-entry","9":"cs-video-wrap"},"yoast_head":"<!-- This site is optimized with the Yoast SEO plugin v23.9 - https:\/\/yoast.com\/wordpress\/plugins\/seo\/ -->\n<title>March\u00e9 de No\u00ebl \u00e0 Bruxelles\u00a0: organisez le meilleur s\u00e9jour\u00a0<\/title>\n<meta name=\"description\" content=\"Trazler vous donne tous ses conseils pour d\u00e9couvrir le march\u00e9 de No\u00ebl \u00e0 Bruxelles, un des plus beaux d\u2019Europe.\u00a0\" \/>\n<meta name=\"robots\" content=\"index, follow, max-snippet:-1, max-image-preview:large, max-video-preview:-1\" \/>\n<link rel=\"canonical\" href=\"https:\/\/blog.trazler.com\/fr\/2023\/12\/22\/marche-de-noel-bruxelles\/\" \/>\n<meta property=\"og:locale\" content=\"fr_FR\" \/>\n<meta property=\"og:type\" content=\"article\" \/>\n<meta property=\"og:title\" content=\"March\u00e9 de No\u00ebl \u00e0 Bruxelles\u00a0: organisez le meilleur s\u00e9jour\u00a0\" \/>\n<meta property=\"og:description\" content=\"Trazler vous donne tous ses conseils pour d\u00e9couvrir le march\u00e9 de No\u00ebl \u00e0 Bruxelles, un des plus beaux d\u2019Europe.\u00a0\" \/>\n<meta property=\"og:url\" content=\"https:\/\/blog.trazler.com\/fr\/2023\/12\/22\/marche-de-noel-bruxelles\/\" \/>\n<meta property=\"og:site_name\" content=\"Trazler Blog\" \/>\n<meta property=\"article:published_time\" content=\"2023-12-22T18:38:28+00:00\" \/>\n<meta property=\"article:modified_time\" content=\"2024-08-10T14:32:50+00:00\" \/>\n<meta property=\"og:image\" content=\"https:\/\/blog.trazler.com\/wp-content\/uploads\/2023\/12\/269942856_4674378972646343_3424521960248164849_n.jpeg\" \/>\n\t<meta property=\"og:image:width\" content=\"1772\" \/>\n\t<meta property=\"og:image:height\" content=\"1181\" \/>\n\t<meta property=\"og:image:type\" content=\"image\/jpeg\" \/>\n<meta name=\"author\" content=\"Coline Levin\" \/>\n<meta name=\"twitter:card\" content=\"summary_large_image\" \/>\n<meta name=\"twitter:label1\" content=\"\u00c9crit par\" \/>\n\t<meta name=\"twitter:data1\" content=\"Coline Levin\" \/>\n\t<meta name=\"twitter:label2\" content=\"Dur\u00e9e de lecture estim\u00e9e\" \/>\n\t<meta name=\"twitter:data2\" content=\"6 minutes\" \/>\n<script type=\"application\/ld+json\" class=\"yoast-schema-graph\">{\"@context\":\"https:\/\/schema.org\",\"@graph\":[{\"@type\":\"Article\",\"@id\":\"https:\/\/blog.trazler.com\/fr\/2023\/12\/22\/marche-de-noel-bruxelles\/#article\",\"isPartOf\":{\"@id\":\"https:\/\/blog.trazler.com\/fr\/2023\/12\/22\/marche-de-noel-bruxelles\/\"},\"author\":{\"name\":\"Coline Levin\",\"@id\":\"https:\/\/blog.trazler.com\/fr\/#\/schema\/person\/197f4b7f98b7b9cc97a12a906b14381b\"},\"headline\":\"Organiser son s\u00e9jour au march\u00e9 de No\u00ebl de Bruxelles\",\"datePublished\":\"2023-12-22T18:38:28+00:00\",\"dateModified\":\"2024-08-10T14:32:50+00:00\",\"mainEntityOfPage\":{\"@id\":\"https:\/\/blog.trazler.com\/fr\/2023\/12\/22\/marche-de-noel-bruxelles\/\"},\"wordCount\":1306,\"publisher\":{\"@id\":\"https:\/\/blog.trazler.com\/fr\/#organization\"},\"image\":{\"@id\":\"https:\/\/blog.trazler.com\/fr\/2023\/12\/22\/marche-de-noel-bruxelles\/#primaryimage\"},\"thumbnailUrl\":\"https:\/\/blog.trazler.com\/wp-content\/uploads\/2023\/12\/269942856_4674378972646343_3424521960248164849_n.jpeg\",\"articleSection\":[\"Europe\"],\"inLanguage\":\"fr-FR\"},{\"@type\":\"WebPage\",\"@id\":\"https:\/\/blog.trazler.com\/fr\/2023\/12\/22\/marche-de-noel-bruxelles\/\",\"url\":\"https:\/\/blog.trazler.com\/fr\/2023\/12\/22\/marche-de-noel-bruxelles\/\",\"name\":\"March\u00e9 de No\u00ebl \u00e0 Bruxelles\u00a0: organisez le meilleur s\u00e9jour\u00a0\",\"isPartOf\":{\"@id\":\"https:\/\/blog.trazler.com\/fr\/#website\"},\"primaryImageOfPage\":{\"@id\":\"https:\/\/blog.trazler.com\/fr\/2023\/12\/22\/marche-de-noel-bruxelles\/#primaryimage\"},\"image\":{\"@id\":\"https:\/\/blog.trazler.com\/fr\/2023\/12\/22\/marche-de-noel-bruxelles\/#primaryimage\"},\"thumbnailUrl\":\"https:\/\/blog.trazler.com\/wp-content\/uploads\/2023\/12\/269942856_4674378972646343_3424521960248164849_n.jpeg\",\"datePublished\":\"2023-12-22T18:38:28+00:00\",\"dateModified\":\"2024-08-10T14:32:50+00:00\",\"description\":\"Trazler vous donne tous ses conseils pour d\u00e9couvrir le march\u00e9 de No\u00ebl \u00e0 Bruxelles, un des plus beaux d\u2019Europe.\u00a0\",\"breadcrumb\":{\"@id\":\"https:\/\/blog.trazler.com\/fr\/2023\/12\/22\/marche-de-noel-bruxelles\/#breadcrumb\"},\"inLanguage\":\"fr-FR\",\"potentialAction\":[{\"@type\":\"ReadAction\",\"target\":[\"https:\/\/blog.trazler.com\/fr\/2023\/12\/22\/marche-de-noel-bruxelles\/\"]}]},{\"@type\":\"ImageObject\",\"inLanguage\":\"fr-FR\",\"@id\":\"https:\/\/blog.trazler.com\/fr\/2023\/12\/22\/marche-de-noel-bruxelles\/#primaryimage\",\"url\":\"https:\/\/blog.trazler.com\/wp-content\/uploads\/2023\/12\/269942856_4674378972646343_3424521960248164849_n.jpeg\",\"contentUrl\":\"https:\/\/blog.trazler.com\/wp-content\/uploads\/2023\/12\/269942856_4674378972646343_3424521960248164849_n.jpeg\",\"width\":1772,\"height\":1181,\"caption\":\"Organiser son s\u00e9jour au march\u00e9 de No\u00ebl de Bruxelles\"},{\"@type\":\"BreadcrumbList\",\"@id\":\"https:\/\/blog.trazler.com\/fr\/2023\/12\/22\/marche-de-noel-bruxelles\/#breadcrumb\",\"itemListElement\":[{\"@type\":\"ListItem\",\"position\":1,\"name\":\"Page d'accueil\",\"item\":\"https:\/\/blog.trazler.com\/fr\/\"},{\"@type\":\"ListItem\",\"position\":2,\"name\":\"Europe\",\"item\":\"https:\/\/blog.trazler.com\/fr\/category\/europe\/\"},{\"@type\":\"ListItem\",\"position\":3,\"name\":\"Organiser son s\u00e9jour au march\u00e9 de No\u00ebl de Bruxelles\"}]},{\"@type\":\"WebSite\",\"@id\":\"https:\/\/blog.trazler.com\/fr\/#website\",\"url\":\"https:\/\/blog.trazler.com\/fr\/\",\"name\":\"Trazler Blog\",\"description\":\"Book smart, travel simple\",\"publisher\":{\"@id\":\"https:\/\/blog.trazler.com\/fr\/#organization\"},\"alternateName\":\"Trazler travels\",\"potentialAction\":[{\"@type\":\"SearchAction\",\"target\":{\"@type\":\"EntryPoint\",\"urlTemplate\":\"https:\/\/blog.trazler.com\/fr\/?s={search_term_string}\"},\"query-input\":{\"@type\":\"PropertyValueSpecification\",\"valueRequired\":true,\"valueName\":\"search_term_string\"}}],\"inLanguage\":\"fr-FR\"},{\"@type\":\"Organization\",\"@id\":\"https:\/\/blog.trazler.com\/fr\/#organization\",\"name\":\"Trazler Blog\",\"alternateName\":\"Trazler travel\",\"url\":\"https:\/\/blog.trazler.com\/fr\/\",\"logo\":{\"@type\":\"ImageObject\",\"inLanguage\":\"fr-FR\",\"@id\":\"https:\/\/blog.trazler.com\/fr\/#\/schema\/logo\/image\/\",\"url\":\"https:\/\/blog.trazler.com\/wp-content\/uploads\/2022\/12\/Group-237718.png\",\"contentUrl\":\"https:\/\/blog.trazler.com\/wp-content\/uploads\/2022\/12\/Group-237718.png\",\"width\":262,\"height\":28,\"caption\":\"Trazler Blog\"},\"image\":{\"@id\":\"https:\/\/blog.trazler.com\/fr\/#\/schema\/logo\/image\/\"}},{\"@type\":\"Person\",\"@id\":\"https:\/\/blog.trazler.com\/fr\/#\/schema\/person\/197f4b7f98b7b9cc97a12a906b14381b\",\"name\":\"Coline Levin\",\"image\":{\"@type\":\"ImageObject\",\"inLanguage\":\"fr-FR\",\"@id\":\"https:\/\/blog.trazler.com\/fr\/#\/schema\/person\/image\/\",\"url\":\"https:\/\/secure.gravatar.com\/avatar\/e2a64786e0ee1f4edc2a7681581d60c0?s=96&d=mm&r=g\",\"contentUrl\":\"https:\/\/secure.gravatar.com\/avatar\/e2a64786e0ee1f4edc2a7681581d60c0?s=96&d=mm&r=g\",\"caption\":\"Coline Levin\"},\"description\":\"Consultante en France, passionn\u00e9e d\u2019\u00e9criture, de voyages et de podcasts. Ne se lasse pas de d\u00e9couvrir de nouvelles cultures et r\u00e9cemment tomb\u00e9e amoureuse du Canada.\",\"url\":\"https:\/\/blog.trazler.com\/fr\/author\/coline\/\"}]}<\/script>\n<!-- \/ Yoast SEO plugin. -->","yoast_head_json":{"title":"March\u00e9 de No\u00ebl \u00e0 Bruxelles\u00a0: organisez le meilleur s\u00e9jour\u00a0","description":"Trazler vous donne tous ses conseils pour d\u00e9couvrir le march\u00e9 de No\u00ebl \u00e0 Bruxelles, un des plus beaux d\u2019Europe.\u00a0","robots":{"index":"index","follow":"follow","max-snippet":"max-snippet:-1","max-image-preview":"max-image-preview:large","max-video-preview":"max-video-preview:-1"},"canonical":"https:\/\/blog.trazler.com\/fr\/2023\/12\/22\/marche-de-noel-bruxelles\/","og_locale":"fr_FR","og_type":"article","og_title":"March\u00e9 de No\u00ebl \u00e0 Bruxelles\u00a0: organisez le meilleur s\u00e9jour\u00a0","og_description":"Trazler vous donne tous ses conseils pour d\u00e9couvrir le march\u00e9 de No\u00ebl \u00e0 Bruxelles, un des plus beaux d\u2019Europe.\u00a0","og_url":"https:\/\/blog.trazler.com\/fr\/2023\/12\/22\/marche-de-noel-bruxelles\/","og_site_name":"Trazler Blog","article_published_time":"2023-12-22T18:38:28+00:00","article_modified_time":"2024-08-10T14:32:50+00:00","og_image":[{"width":1772,"height":1181,"url":"https:\/\/blog.trazler.com\/wp-content\/uploads\/2023\/12\/269942856_4674378972646343_3424521960248164849_n.jpeg","type":"image\/jpeg"}],"author":"Coline Levin","twitter_card":"summary_large_image","twitter_misc":{"\u00c9crit par":"Coline Levin","Dur\u00e9e de lecture estim\u00e9e":"6 minutes"},"schema":{"@context":"https:\/\/schema.org","@graph":[{"@type":"Article","@id":"https:\/\/blog.trazler.com\/fr\/2023\/12\/22\/marche-de-noel-bruxelles\/#article","isPartOf":{"@id":"https:\/\/blog.trazler.com\/fr\/2023\/12\/22\/marche-de-noel-bruxelles\/"},"author":{"name":"Coline Levin","@id":"https:\/\/blog.trazler.com\/fr\/#\/schema\/person\/197f4b7f98b7b9cc97a12a906b14381b"},"headline":"Organiser son s\u00e9jour au march\u00e9 de No\u00ebl de Bruxelles","datePublished":"2023-12-22T18:38:28+00:00","dateModified":"2024-08-10T14:32:50+00:00","mainEntityOfPage":{"@id":"https:\/\/blog.trazler.com\/fr\/2023\/12\/22\/marche-de-noel-bruxelles\/"},"wordCount":1306,"publisher":{"@id":"https:\/\/blog.trazler.com\/fr\/#organization"},"image":{"@id":"https:\/\/blog.trazler.com\/fr\/2023\/12\/22\/marche-de-noel-bruxelles\/#primaryimage"},"thumbnailUrl":"https:\/\/blog.trazler.com\/wp-content\/uploads\/2023\/12\/269942856_4674378972646343_3424521960248164849_n.jpeg","articleSection":["Europe"],"inLanguage":"fr-FR"},{"@type":"WebPage","@id":"https:\/\/blog.trazler.com\/fr\/2023\/12\/22\/marche-de-noel-bruxelles\/","url":"https:\/\/blog.trazler.com\/fr\/2023\/12\/22\/marche-de-noel-bruxelles\/","name":"March\u00e9 de No\u00ebl \u00e0 Bruxelles\u00a0: organisez le meilleur s\u00e9jour\u00a0","isPartOf":{"@id":"https:\/\/blog.trazler.com\/fr\/#website"},"primaryImageOfPage":{"@id":"https:\/\/blog.trazler.com\/fr\/2023\/12\/22\/marche-de-noel-bruxelles\/#primaryimage"},"image":{"@id":"https:\/\/blog.trazler.com\/fr\/2023\/12\/22\/marche-de-noel-bruxelles\/#primaryimage"},"thumbnailUrl":"https:\/\/blog.trazler.com\/wp-content\/uploads\/2023\/12\/269942856_4674378972646343_3424521960248164849_n.jpeg","datePublished":"2023-12-22T18:38:28+00:00","dateModified":"2024-08-10T14:32:50+00:00","description":"Trazler vous donne tous ses conseils pour d\u00e9couvrir le march\u00e9 de No\u00ebl \u00e0 Bruxelles, un des plus beaux d\u2019Europe.\u00a0","breadcrumb":{"@id":"https:\/\/blog.trazler.com\/fr\/2023\/12\/22\/marche-de-noel-bruxelles\/#breadcrumb"},"inLanguage":"fr-FR","potentialAction":[{"@type":"ReadAction","target":["https:\/\/blog.trazler.com\/fr\/2023\/12\/22\/marche-de-noel-bruxelles\/"]}]},{"@type":"ImageObject","inLanguage":"fr-FR","@id":"https:\/\/blog.trazler.com\/fr\/2023\/12\/22\/marche-de-noel-bruxelles\/#primaryimage","url":"https:\/\/blog.trazler.com\/wp-content\/uploads\/2023\/12\/269942856_4674378972646343_3424521960248164849_n.jpeg","contentUrl":"https:\/\/blog.trazler.com\/wp-content\/uploads\/2023\/12\/269942856_4674378972646343_3424521960248164849_n.jpeg","width":1772,"height":1181,"caption":"Organiser son s\u00e9jour au march\u00e9 de No\u00ebl de Bruxelles"},{"@type":"BreadcrumbList","@id":"https:\/\/blog.trazler.com\/fr\/2023\/12\/22\/marche-de-noel-bruxelles\/#breadcrumb","itemListElement":[{"@type":"ListItem","position":1,"name":"Page d'accueil","item":"https:\/\/blog.trazler.com\/fr\/"},{"@type":"ListItem","position":2,"name":"Europe","item":"https:\/\/blog.trazler.com\/fr\/category\/europe\/"},{"@type":"ListItem","position":3,"name":"Organiser son s\u00e9jour au march\u00e9 de No\u00ebl de Bruxelles"}]},{"@type":"WebSite","@id":"https:\/\/blog.trazler.com\/fr\/#website","url":"https:\/\/blog.trazler.com\/fr\/","name":"Trazler Blog","description":"Book smart, travel simple","publisher":{"@id":"https:\/\/blog.trazler.com\/fr\/#organization"},"alternateName":"Trazler travels","potentialAction":[{"@type":"SearchAction","target":{"@type":"EntryPoint","urlTemplate":"https:\/\/blog.trazler.com\/fr\/?s={search_term_string}"},"query-input":{"@type":"PropertyValueSpecification","valueRequired":true,"valueName":"search_term_string"}}],"inLanguage":"fr-FR"},{"@type":"Organization","@id":"https:\/\/blog.trazler.com\/fr\/#organization","name":"Trazler Blog","alternateName":"Trazler travel","url":"https:\/\/blog.trazler.com\/fr\/","logo":{"@type":"ImageObject","inLanguage":"fr-FR","@id":"https:\/\/blog.trazler.com\/fr\/#\/schema\/logo\/image\/","url":"https:\/\/blog.trazler.com\/wp-content\/uploads\/2022\/12\/Group-237718.png","contentUrl":"https:\/\/blog.trazler.com\/wp-content\/uploads\/2022\/12\/Group-237718.png","width":262,"height":28,"caption":"Trazler Blog"},"image":{"@id":"https:\/\/blog.trazler.com\/fr\/#\/schema\/logo\/image\/"}},{"@type":"Person","@id":"https:\/\/blog.trazler.com\/fr\/#\/schema\/person\/197f4b7f98b7b9cc97a12a906b14381b","name":"Coline Levin","image":{"@type":"ImageObject","inLanguage":"fr-FR","@id":"https:\/\/blog.trazler.com\/fr\/#\/schema\/person\/image\/","url":"https:\/\/secure.gravatar.com\/avatar\/e2a64786e0ee1f4edc2a7681581d60c0?s=96&d=mm&r=g","contentUrl":"https:\/\/secure.gravatar.com\/avatar\/e2a64786e0ee1f4edc2a7681581d60c0?s=96&d=mm&r=g","caption":"Coline Levin"},"description":"Consultante en France, passionn\u00e9e d\u2019\u00e9criture, de voyages et de podcasts. Ne se lasse pas de d\u00e9couvrir de nouvelles cultures et r\u00e9cemment tomb\u00e9e amoureuse du Canada.","url":"https:\/\/blog.trazler.com\/fr\/author\/coline\/"}]}},"_links":{"self":[{"href":"https:\/\/blog.trazler.com\/fr\/wp-json\/wp\/v2\/posts\/5506","targetHints":{"allow":["GET"]}}],"collection":[{"href":"https:\/\/blog.trazler.com\/fr\/wp-json\/wp\/v2\/posts"}],"about":[{"href":"https:\/\/blog.trazler.com\/fr\/wp-json\/wp\/v2\/types\/post"}],"author":[{"embeddable":true,"href":"https:\/\/blog.trazler.com\/fr\/wp-json\/wp\/v2\/users\/15"}],"replies":[{"embeddable":true,"href":"https:\/\/blog.trazler.com\/fr\/wp-json\/wp\/v2\/comments?post=5506"}],"version-history":[{"count":5,"href":"https:\/\/blog.trazler.com\/fr\/wp-json\/wp\/v2\/posts\/5506\/revisions"}],"predecessor-version":[{"id":6028,"href":"https:\/\/blog.trazler.com\/fr\/wp-json\/wp\/v2\/posts\/5506\/revisions\/6028"}],"wp:featuredmedia":[{"embeddable":true,"href":"https:\/\/blog.trazler.com\/fr\/wp-json\/wp\/v2\/media\/5507"}],"wp:attachment":[{"href":"https:\/\/blog.trazler.com\/fr\/wp-json\/wp\/v2\/media?parent=5506"}],"wp:term":[{"taxonomy":"category","embeddable":true,"href":"https:\/\/blog.trazler.com\/fr\/wp-json\/wp\/v2\/categories?post=5506"},{"taxonomy":"post_tag","embeddable":true,"href":"https:\/\/blog.trazler.com\/fr\/wp-json\/wp\/v2\/tags?post=5506"}],"curies":[{"name":"wp","href":"https:\/\/api.w.org\/{rel}","templated":true}]}}